{"id":35397,"date":"2026-09-04T19:26:25","date_gmt":"2026-09-04T22:26:25","guid":{"rendered":"https:\/\/acontecenafronteira.com.br\/?p=35397"},"modified":"2026-09-04T19:26:25","modified_gmt":"2026-09-04T22:26:25","slug":"aecio-neves-declara-patrimonio-de-r-225-milhoes-ao-senado","status":"publish","type":"post","link":"https:\/\/acontecenafronteira.com.br\/index.php\/2026\/09\/04\/aecio-neves-declara-patrimonio-de-r-225-milhoes-ao-senado\/","title":{"rendered":"A\u00e9cio Neves declara patrim\u00f4nio de R$ 22,5 milh\u00f5es ao Senado"},"content":{"rendered":"<p>O presidente nacional do PSDB e candidato ao Senado, A\u00e9cio Neves, informou \u00e0 Justi\u00e7a Eleitoral um patrim\u00f4nio total de R$ 22,5 milh\u00f5es em seu registro de candidatura, sendo que a maior parte desse montante \u00e9 fruto de sucess\u00e3o familiar.<\/p>\n<h2>Origem dos bens herdados<\/h2>\n<p>Do valor total apresentado pelo pol\u00edtico, cerca de R$ 21 milh\u00f5es s\u00e3o referentes a bens materiais e financeiros repassados por seu pai e sua m\u00e3e. A parcela mais expressiva veio do esp\u00f3lio materno, que faleceu em 2023, incluindo im\u00f3veis urbanos estimados em R$ 8,6 milh\u00f5es e investimentos financeiros que somam R$ 6 milh\u00f5es.<\/p>\n<p>O invent\u00e1rio da m\u00e3e tamb\u00e9m contempla uma propriedade rural avaliada em R$ 3,6 milh\u00f5es, cotas empresariais de R$ 829,4 mil, al\u00e9m de um t\u00famulo avaliado em simb\u00f3lico R$ 1 e um acervo de pe\u00e7as diversas. Do lado paterno, foram repassadas cotas de capital no valor de R$ 166,6 mil. O somat\u00f3rio de pe\u00e7as herdadas de ambos os pais atingiu R$ 1,72 milh\u00e3o.<\/p>\n<h2>Outros ativos e investimentos<\/h2>\n<p>Al\u00e9m dos valores de heran\u00e7a, a declara\u00e7\u00e3o de bens detalha investimentos em renda fixa de R$ 498 mil, ve\u00edculos automotores como carros e moto totalizando R$ 542,3 mil, e um apartamento localizado na capital mineira, Belo Horizonte, avaliado em R$ 222 mil.<\/p>\n<p>O documento financeiro ainda registra cr\u00e9ditos a receber de R$ 177,3 mil, um terreno rural de R$ 87 mil, R$ 43,6 mil em bens m\u00f3veis e uma quantia de R$ 217 em a\u00e7\u00f5es na bolsa de valores.<\/p>\n<p>A movimenta\u00e7\u00e3o para oficializar a disputa ao cargo legislativo ocorreu ap\u00f3s altera\u00e7\u00f5es e desist\u00eancias no cen\u00e1rio pol\u00edtico local, recolocando o tucano na corrida eleitoral e alinhando sua campanha ao palanque de Alexandre Kalil (PDT) na disputa pelo governo mineiro.<\/p>\n<p>Por Reda\u00e7\u00e3o Acontece<\/p>\n<p>Cr\u00e9ditos da imagem: Divulga\u00e7\u00e3o \/ Justi\u00e7a Eleitoral<\/p>\n","protected":false},"excerpt":{"rendered":"<p>O presidente nacional do PSDB e candidato ao Senado, A\u00e9cio Neves, informou \u00e0 Justi\u00e7a Eleitoral um patrim\u00f4nio total de R$ 22,5 milh\u00f5es em seu registro de candidatura, sendo que a maior parte desse montante \u00e9 fruto de sucess\u00e3o familiar. Origem dos bens herdados Do valor total apresentado pelo pol\u00edtico, cerca de R$ 21 milh\u00f5es s\u00e3o [&hellip;]<\/p>\n","protected":false},"author":2,"featured_media":35415,"comment_status":"open","ping_status":"open","sticky":false,"template":"","format":"standard","meta":{"footnotes":""},"categories":[6],"tags":[],"class_list":["post-35397","post","type-post","status-publish","format-standard","has-post-thumbnail","hentry","category-mercosul"],"_links":{"self":[{"href":"https:\/\/acontecenafronteira.com.br\/index.php\/wp-json\/wp\/v2\/posts\/35397","targetHints":{"allow":["GET"]}}],"collection":[{"href":"https:\/\/acontecenafronteira.com.br\/index.php\/wp-json\/wp\/v2\/posts"}],"about":[{"href":"https:\/\/acontecenafronteira.com.br\/index.php\/wp-json\/wp\/v2\/types\/post"}],"author":[{"embeddable":true,"href":"https:\/\/acontecenafronteira.com.br\/index.php\/wp-json\/wp\/v2\/users\/2"}],"replies":[{"embeddable":true,"href":"https:\/\/acontecenafronteira.com.br\/index.php\/wp-json\/wp\/v2\/comments?post=35397"}],"version-history":[{"count":1,"href":"https:\/\/acontecenafronteira.com.br\/index.php\/wp-json\/wp\/v2\/posts\/35397\/revisions"}],"predecessor-version":[{"id":35414,"href":"https:\/\/acontecenafronteira.com.br\/index.php\/wp-json\/wp\/v2\/posts\/35397\/revisions\/35414"}],"wp:featuredmedia":[{"embeddable":true,"href":"https:\/\/acontecenafronteira.com.br\/index.php\/wp-json\/wp\/v2\/media\/35415"}],"wp:attachment":[{"href":"https:\/\/acontecenafronteira.com.br\/index.php\/wp-json\/wp\/v2\/media?parent=35397"}],"wp:term":[{"taxonomy":"category","embeddable":true,"href":"https:\/\/acontecenafronteira.com.br\/index.php\/wp-json\/wp\/v2\/categories?post=35397"},{"taxonomy":"post_tag","embeddable":true,"href":"https:\/\/acontecenafronteira.com.br\/index.php\/wp-json\/wp\/v2\/tags?post=35397"}],"curies":[{"name":"wp","href":"https:\/\/api.w.org\/{rel}","templated":true}]}}