{"id":35396,"date":"2026-09-04T19:26:20","date_gmt":"2026-09-04T22:26:20","guid":{"rendered":"https:\/\/acontecenafronteira.com.br\/?p=35396"},"modified":"2026-09-04T19:26:20","modified_gmt":"2026-09-04T22:26:20","slug":"paula-belmonte-defende-seguranca-para-mulheres-no-transporte","status":"publish","type":"post","link":"https:\/\/acontecenafronteira.com.br\/index.php\/2026\/09\/04\/paula-belmonte-defende-seguranca-para-mulheres-no-transporte\/","title":{"rendered":"Paula Belmonte defende seguran\u00e7a para mulheres no transporte"},"content":{"rendered":"<p>A candidata ao governo estadual Paula Belmonte (PSDB) defendeu, durante campanha na Rodovi\u00e1ria do Plano Piloto, a necessidade de reformular a mobilidade urbana com foco nas demandas femininas, prometendo maior prote\u00e7\u00e3o e efici\u00eancia nos deslocamentos coletivos.<\/p>\n<h2>Propostas para o transporte p\u00fablico<\/h2>\n<p>A pleiteante ao Executivo detalhou planos voltados para a melhoria dos servi\u00e7os de transporte coletivo, enfatizando que a gest\u00e3o p\u00fablica precisa olhar com aten\u00e7\u00e3o para as dificuldades enfrentadas diariamente pela popula\u00e7\u00e3o feminina que utiliza \u00f4nibus e metr\u00f4s.<\/p>\n<h2>Combate ao ass\u00e9dio em coletivos<\/h2>\n<p>Como medida pr\u00e1tica para coibir crimes e importuna\u00e7\u00f5es, a candidata sugeriu a instala\u00e7\u00e3o de um bot\u00e3o f\u00edsico de emerg\u00eancia nos ve\u00edculos de transporte p\u00fablico, permitindo o acionamento r\u00e1pido das autoridades em situa\u00e7\u00f5es de ass\u00e9dio.<\/p>\n<p>A experi\u00eancia como ex-procuradora especial da mulher na C\u00e2mara Legislativa fundamenta a urg\u00eancia dessas a\u00e7\u00f5es, segundo relato da pr\u00f3pria pol\u00edtica, que destacou o acolhimento de diversos relatos de v\u00edtimas desamparadas pelo sistema atual.<\/p>\n<p>Durante a visita ao terminal rodovi\u00e1rio, a agenda incluiu conversas diretas com passageiros, distribui\u00e7\u00e3o de material de campanha e escuta ativa das principais reivindica\u00e7\u00f5es da comunidade em rela\u00e7\u00e3o aos servi\u00e7os p\u00fablicos essenciais.<\/p>\n<p>As iniciativas apresentadas buscam transformar a mobilidade em uma \u00e1rea priorit\u00e1ria de prote\u00e7\u00e3o, assegurando que o deslocamento di\u00e1rio ocorra sem receios ou amea\u00e7as \u00e0 integridade f\u00edsica das cidad\u00e3s.<\/p>\n<p>Por Reda\u00e7\u00e3o Acontece<\/p>\n<p>Cr\u00e9ditos da imagem: Divulga\u00e7\u00e3o \/ Campanha<\/p>\n","protected":false},"excerpt":{"rendered":"<p>A candidata ao governo estadual Paula Belmonte (PSDB) defendeu, durante campanha na Rodovi\u00e1ria do Plano Piloto, a necessidade de reformular a mobilidade urbana com foco nas demandas femininas, prometendo maior prote\u00e7\u00e3o e efici\u00eancia nos deslocamentos coletivos. Propostas para o transporte p\u00fablico A pleiteante ao Executivo detalhou planos voltados para a melhoria dos servi\u00e7os de transporte [&hellip;]<\/p>\n","protected":false},"author":2,"featured_media":35413,"comment_status":"open","ping_status":"open","sticky":false,"template":"","format":"standard","meta":{"footnotes":""},"categories":[6],"tags":[],"class_list":["post-35396","post","type-post","status-publish","format-standard","has-post-thumbnail","hentry","category-mercosul"],"_links":{"self":[{"href":"https:\/\/acontecenafronteira.com.br\/index.php\/wp-json\/wp\/v2\/posts\/35396","targetHints":{"allow":["GET"]}}],"collection":[{"href":"https:\/\/acontecenafronteira.com.br\/index.php\/wp-json\/wp\/v2\/posts"}],"about":[{"href":"https:\/\/acontecenafronteira.com.br\/index.php\/wp-json\/wp\/v2\/types\/post"}],"author":[{"embeddable":true,"href":"https:\/\/acontecenafronteira.com.br\/index.php\/wp-json\/wp\/v2\/users\/2"}],"replies":[{"embeddable":true,"href":"https:\/\/acontecenafronteira.com.br\/index.php\/wp-json\/wp\/v2\/comments?post=35396"}],"version-history":[{"count":1,"href":"https:\/\/acontecenafronteira.com.br\/index.php\/wp-json\/wp\/v2\/posts\/35396\/revisions"}],"predecessor-version":[{"id":35412,"href":"https:\/\/acontecenafronteira.com.br\/index.php\/wp-json\/wp\/v2\/posts\/35396\/revisions\/35412"}],"wp:featuredmedia":[{"embeddable":true,"href":"https:\/\/acontecenafronteira.com.br\/index.php\/wp-json\/wp\/v2\/media\/35413"}],"wp:attachment":[{"href":"https:\/\/acontecenafronteira.com.br\/index.php\/wp-json\/wp\/v2\/media?parent=35396"}],"wp:term":[{"taxonomy":"category","embeddable":true,"href":"https:\/\/acontecenafronteira.com.br\/index.php\/wp-json\/wp\/v2\/categories?post=35396"},{"taxonomy":"post_tag","embeddable":true,"href":"https:\/\/acontecenafronteira.com.br\/index.php\/wp-json\/wp\/v2\/tags?post=35396"}],"curies":[{"name":"wp","href":"https:\/\/api.w.org\/{rel}","templated":true}]}}