{"id":35386,"date":"2026-09-04T19:25:23","date_gmt":"2026-09-04T22:25:23","guid":{"rendered":"https:\/\/acontecenafronteira.com.br\/?p=35386"},"modified":"2026-09-04T19:25:23","modified_gmt":"2026-09-04T22:25:23","slug":"sus-monitora-utis-inteligentes-em-tempo-real-no-brasil","status":"publish","type":"post","link":"https:\/\/acontecenafronteira.com.br\/index.php\/2026\/09\/04\/sus-monitora-utis-inteligentes-em-tempo-real-no-brasil\/","title":{"rendered":"SUS monitora UTIs inteligentes em tempo real no Brasil"},"content":{"rendered":"<p>O Minist\u00e9rio da Sa\u00fade apresentou nesta quinta-feira (03) a nova Central de Comando respons\u00e1vel pelo monitoramento em tempo real das UTIs inteligentes do Sistema \u00danico de Sa\u00fade (SUS) em todo o territ\u00f3rio nacional.<\/p>\n<h2>Como funciona a nova central do SUS<\/h2>\n<p>A tecnologia foi desenvolvida para otimizar a gest\u00e3o de leitos hospitalares de alta complexidade. Com o novo sistema, o governo federal consegue acompanhar a ocupa\u00e7\u00e3o e o fluxo de pacientes nas unidades de terapia intensiva de forma integrada e instant\u00e2nea.<\/p>\n<h2>Benef\u00edcios para a rede p\u00fablica de sa\u00fade<\/h2>\n<p>O acompanhamento cont\u00ednuo dos dados visa reduzir o tempo de espera por vagas e melhorar a distribui\u00e7\u00e3o de recursos m\u00e9dicos onde h\u00e1 maior demanda. A iniciativa representa um avan\u00e7o significativo na digitaliza\u00e7\u00e3o e na efici\u00eancia dos atendimentos prestados \u00e0 popula\u00e7\u00e3o brasileira.<\/p>\n<p>Especialistas apontam que a integra\u00e7\u00e3o das informa\u00e7\u00f5es em uma \u00fanica plataforma nacional facilita a tomada de decis\u00f5es r\u00e1pidas por parte dos gestores p\u00fablicos em situa\u00e7\u00f5es de emerg\u00eancia sanit\u00e1ria.<\/p>\n<p>Com essa inova\u00e7\u00e3o, o governo espera garantir maior transpar\u00eancia na gest\u00e3o hospitalar e salvar mais vidas, agilizando o acesso aos leitos cr\u00edticos do sistema p\u00fablico em todo o pa\u00eds.<\/p>\n<p>Por Reda\u00e7\u00e3o Acontece<\/p>\n<p>Cr\u00e9ditos da imagem: Minist\u00e9rio da Sa\u00fade \/ Divulga\u00e7\u00e3o<\/p>\n","protected":false},"excerpt":{"rendered":"<p>O Minist\u00e9rio da Sa\u00fade apresentou nesta quinta-feira (03) a nova Central de Comando respons\u00e1vel pelo monitoramento em tempo real das UTIs inteligentes do Sistema \u00danico de Sa\u00fade (SUS) em todo o territ\u00f3rio nacional. Como funciona a nova central do SUS A tecnologia foi desenvolvida para otimizar a gest\u00e3o de leitos hospitalares de alta complexidade. Com [&hellip;]<\/p>\n","protected":false},"author":2,"featured_media":35393,"comment_status":"open","ping_status":"open","sticky":false,"template":"","format":"standard","meta":{"footnotes":""},"categories":[18],"tags":[],"class_list":["post-35386","post","type-post","status-publish","format-standard","has-post-thumbnail","hentry","category-parana"],"_links":{"self":[{"href":"https:\/\/acontecenafronteira.com.br\/index.php\/wp-json\/wp\/v2\/posts\/35386","targetHints":{"allow":["GET"]}}],"collection":[{"href":"https:\/\/acontecenafronteira.com.br\/index.php\/wp-json\/wp\/v2\/posts"}],"about":[{"href":"https:\/\/acontecenafronteira.com.br\/index.php\/wp-json\/wp\/v2\/types\/post"}],"author":[{"embeddable":true,"href":"https:\/\/acontecenafronteira.com.br\/index.php\/wp-json\/wp\/v2\/users\/2"}],"replies":[{"embeddable":true,"href":"https:\/\/acontecenafronteira.com.br\/index.php\/wp-json\/wp\/v2\/comments?post=35386"}],"version-history":[{"count":1,"href":"https:\/\/acontecenafronteira.com.br\/index.php\/wp-json\/wp\/v2\/posts\/35386\/revisions"}],"predecessor-version":[{"id":35392,"href":"https:\/\/acontecenafronteira.com.br\/index.php\/wp-json\/wp\/v2\/posts\/35386\/revisions\/35392"}],"wp:featuredmedia":[{"embeddable":true,"href":"https:\/\/acontecenafronteira.com.br\/index.php\/wp-json\/wp\/v2\/media\/35393"}],"wp:attachment":[{"href":"https:\/\/acontecenafronteira.com.br\/index.php\/wp-json\/wp\/v2\/media?parent=35386"}],"wp:term":[{"taxonomy":"category","embeddable":true,"href":"https:\/\/acontecenafronteira.com.br\/index.php\/wp-json\/wp\/v2\/categories?post=35386"},{"taxonomy":"post_tag","embeddable":true,"href":"https:\/\/acontecenafronteira.com.br\/index.php\/wp-json\/wp\/v2\/tags?post=35386"}],"curies":[{"name":"wp","href":"https:\/\/api.w.org\/{rel}","templated":true}]}}