{"id":35385,"date":"2026-09-04T19:25:19","date_gmt":"2026-09-04T22:25:19","guid":{"rendered":"https:\/\/acontecenafronteira.com.br\/?p=35385"},"modified":"2026-09-04T19:25:19","modified_gmt":"2026-09-04T22:25:19","slug":"carnaval-2027-escolas-do-grupo-especial-iniciam-sambas","status":"publish","type":"post","link":"https:\/\/acontecenafronteira.com.br\/index.php\/2026\/09\/04\/carnaval-2027-escolas-do-grupo-especial-iniciam-sambas\/","title":{"rendered":"Carnaval 2027: Escolas do Grupo Especial iniciam sambas"},"content":{"rendered":"<p>A corrida para o Carnaval 2027 teve in\u00edcio nesta sexta-feira (04), marcando o pontap\u00e9 inicial para a escolha dos sambas-enredo que v\u00e3o embalar a folia.<\/p>\n<h2>O in\u00edcio da prepara\u00e7\u00e3o<\/h2>\n<p>As 12 agremia\u00e7\u00f5es que integram o Grupo Especial j\u00e1 est\u00e3o mobilizadas para definir as obras musicais que ser\u00e3o levadas para a avenida.<\/p>\n<h2>Expectativa para a festa<\/h2>\n<p>O processo de sele\u00e7\u00e3o dos sambas representa uma das etapas mais importantes para as escolas de samba, mobilizando comunidades e compositores na busca pela trilha sonora perfeita.<\/p>\n<p>A defini\u00e7\u00e3o das obras antecipa o planejamento dos desfiles oficiais, garantindo tempo h\u00e1bil para os ensaios e ajustes necess\u00e1rios at\u00e9 os dias de apresenta\u00e7\u00e3o.<\/p>\n<p>Por Reda\u00e7\u00e3o Acontece<\/p>\n<p>Cr\u00e9ditos da imagem: Divulga\u00e7\u00e3o<\/p>\n","protected":false},"excerpt":{"rendered":"<p>A corrida para o Carnaval 2027 teve in\u00edcio nesta sexta-feira (04), marcando o pontap\u00e9 inicial para a escolha dos sambas-enredo que v\u00e3o embalar a folia. O in\u00edcio da prepara\u00e7\u00e3o As 12 agremia\u00e7\u00f5es que integram o Grupo Especial j\u00e1 est\u00e3o mobilizadas para definir as obras musicais que ser\u00e3o levadas para a avenida. Expectativa para a festa [&hellip;]<\/p>\n","protected":false},"author":2,"featured_media":35391,"comment_status":"open","ping_status":"open","sticky":false,"template":"","format":"standard","meta":{"footnotes":""},"categories":[18],"tags":[],"class_list":["post-35385","post","type-post","status-publish","format-standard","has-post-thumbnail","hentry","category-parana"],"_links":{"self":[{"href":"https:\/\/acontecenafronteira.com.br\/index.php\/wp-json\/wp\/v2\/posts\/35385","targetHints":{"allow":["GET"]}}],"collection":[{"href":"https:\/\/acontecenafronteira.com.br\/index.php\/wp-json\/wp\/v2\/posts"}],"about":[{"href":"https:\/\/acontecenafronteira.com.br\/index.php\/wp-json\/wp\/v2\/types\/post"}],"author":[{"embeddable":true,"href":"https:\/\/acontecenafronteira.com.br\/index.php\/wp-json\/wp\/v2\/users\/2"}],"replies":[{"embeddable":true,"href":"https:\/\/acontecenafronteira.com.br\/index.php\/wp-json\/wp\/v2\/comments?post=35385"}],"version-history":[{"count":1,"href":"https:\/\/acontecenafronteira.com.br\/index.php\/wp-json\/wp\/v2\/posts\/35385\/revisions"}],"predecessor-version":[{"id":35390,"href":"https:\/\/acontecenafronteira.com.br\/index.php\/wp-json\/wp\/v2\/posts\/35385\/revisions\/35390"}],"wp:featuredmedia":[{"embeddable":true,"href":"https:\/\/acontecenafronteira.com.br\/index.php\/wp-json\/wp\/v2\/media\/35391"}],"wp:attachment":[{"href":"https:\/\/acontecenafronteira.com.br\/index.php\/wp-json\/wp\/v2\/media?parent=35385"}],"wp:term":[{"taxonomy":"category","embeddable":true,"href":"https:\/\/acontecenafronteira.com.br\/index.php\/wp-json\/wp\/v2\/categories?post=35385"},{"taxonomy":"post_tag","embeddable":true,"href":"https:\/\/acontecenafronteira.com.br\/index.php\/wp-json\/wp\/v2\/tags?post=35385"}],"curies":[{"name":"wp","href":"https:\/\/api.w.org\/{rel}","templated":true}]}}