{"id":35384,"date":"2026-09-04T19:25:06","date_gmt":"2026-09-04T22:25:06","guid":{"rendered":"https:\/\/acontecenafronteira.com.br\/?p=35384"},"modified":"2026-09-04T19:25:06","modified_gmt":"2026-09-04T22:25:06","slug":"anvisa-aprova-remedio-experimental-para-lito-sousa","status":"publish","type":"post","link":"https:\/\/acontecenafronteira.com.br\/index.php\/2026\/09\/04\/anvisa-aprova-remedio-experimental-para-lito-sousa\/","title":{"rendered":"Anvisa aprova rem\u00e9dio experimental para Lito Sousa"},"content":{"rendered":"<p>A esposa do influenciador digital Lito Sousa, Mila Seidl, divulgou nesta sexta-feira (4) atualiza\u00e7\u00f5es cruciais a respeito da terapia inovadora que o criador de conte\u00fado digital passar\u00e1 a receber para combater a doen\u00e7a de Creutzfeldt-Jakob.<\/p>\n<h2>A autoriza\u00e7\u00e3o da Anvisa<\/h2>\n<p>A Ag\u00eancia Nacional de Vigil\u00e2ncia Sanit\u00e1ria liberou, de maneira excepcional, o uso de um f\u00e1rmaco ainda em fase de testes cl\u00ednicos. A decis\u00e3o representa uma nova esperan\u00e7a para a fam\u00edlia e para os admiradores do trabalho do influenciador, conhecido nacionalmente por seu conte\u00fado sobre avia\u00e7\u00e3o.<\/p>\n<h2>Detalhes sobre a doen\u00e7a e o tratamento<\/h2>\n<p>A condi\u00e7\u00e3o que acomete o influenciador \u00e9 extremamente rara e degenerativa, afetando o sistema nervoso central. Diante do progn\u00f3stico desafiador, a equipe m\u00e9dica buscou alternativas fora do protocolo tradicional, culminando na aprova\u00e7\u00e3o in\u00e9dita por parte do \u00f3rg\u00e3o regulador federal.<\/p>\n<p>Os pr\u00f3ximos passos envolvem a administra\u00e7\u00e3o cuidadosa do composto qu\u00edmico sob estrita supervis\u00e3o hospitalar. Os m\u00e9dicos respons\u00e1veis acompanhar\u00e3o de perto cada etapa da evolu\u00e7\u00e3o cl\u00ednica para mensurar a efic\u00e1cia da subst\u00e2ncia no organismo do paciente.<\/p>\n<p>A mobiliza\u00e7\u00e3o em torno do caso tem gerado grande como\u00e7\u00e3o nas redes sociais, onde seguidores e amigos continuam enviando mensagens de apoio \u00e0 fam\u00edlia durante este per\u00edodo delicado de tratamento m\u00e9dico.<\/p>\n<p>Por Reda\u00e7\u00e3o Acontece<\/p>\n<p>Cr\u00e9ditos da imagem: Reprodu\u00e7\u00e3o \/ Redes Sociais<\/p>\n","protected":false},"excerpt":{"rendered":"<p>A esposa do influenciador digital Lito Sousa, Mila Seidl, divulgou nesta sexta-feira (4) atualiza\u00e7\u00f5es cruciais a respeito da terapia inovadora que o criador de conte\u00fado digital passar\u00e1 a receber para combater a doen\u00e7a de Creutzfeldt-Jakob. A autoriza\u00e7\u00e3o da Anvisa A Ag\u00eancia Nacional de Vigil\u00e2ncia Sanit\u00e1ria liberou, de maneira excepcional, o uso de um f\u00e1rmaco ainda [&hellip;]<\/p>\n","protected":false},"author":2,"featured_media":35389,"comment_status":"open","ping_status":"open","sticky":false,"template":"","format":"standard","meta":{"footnotes":""},"categories":[18],"tags":[],"class_list":["post-35384","post","type-post","status-publish","format-standard","has-post-thumbnail","hentry","category-parana"],"_links":{"self":[{"href":"https:\/\/acontecenafronteira.com.br\/index.php\/wp-json\/wp\/v2\/posts\/35384","targetHints":{"allow":["GET"]}}],"collection":[{"href":"https:\/\/acontecenafronteira.com.br\/index.php\/wp-json\/wp\/v2\/posts"}],"about":[{"href":"https:\/\/acontecenafronteira.com.br\/index.php\/wp-json\/wp\/v2\/types\/post"}],"author":[{"embeddable":true,"href":"https:\/\/acontecenafronteira.com.br\/index.php\/wp-json\/wp\/v2\/users\/2"}],"replies":[{"embeddable":true,"href":"https:\/\/acontecenafronteira.com.br\/index.php\/wp-json\/wp\/v2\/comments?post=35384"}],"version-history":[{"count":1,"href":"https:\/\/acontecenafronteira.com.br\/index.php\/wp-json\/wp\/v2\/posts\/35384\/revisions"}],"predecessor-version":[{"id":35388,"href":"https:\/\/acontecenafronteira.com.br\/index.php\/wp-json\/wp\/v2\/posts\/35384\/revisions\/35388"}],"wp:featuredmedia":[{"embeddable":true,"href":"https:\/\/acontecenafronteira.com.br\/index.php\/wp-json\/wp\/v2\/media\/35389"}],"wp:attachment":[{"href":"https:\/\/acontecenafronteira.com.br\/index.php\/wp-json\/wp\/v2\/media?parent=35384"}],"wp:term":[{"taxonomy":"category","embeddable":true,"href":"https:\/\/acontecenafronteira.com.br\/index.php\/wp-json\/wp\/v2\/categories?post=35384"},{"taxonomy":"post_tag","embeddable":true,"href":"https:\/\/acontecenafronteira.com.br\/index.php\/wp-json\/wp\/v2\/tags?post=35384"}],"curies":[{"name":"wp","href":"https:\/\/api.w.org\/{rel}","templated":true}]}}