{"id":35354,"date":"2026-09-04T19:19:32","date_gmt":"2026-09-04T22:19:32","guid":{"rendered":"https:\/\/acontecenafronteira.com.br\/?p=35354"},"modified":"2026-09-04T19:19:32","modified_gmt":"2026-09-04T22:19:32","slug":"eleicoes-pr-2026-moro-propoe-app-de-controle-de-pedagios","status":"publish","type":"post","link":"https:\/\/acontecenafronteira.com.br\/index.php\/2026\/09\/04\/eleicoes-pr-2026-moro-propoe-app-de-controle-de-pedagios\/","title":{"rendered":"Elei\u00e7\u00f5es PR 2026: Moro prop\u00f5e app de controle de ped\u00e1gios"},"content":{"rendered":"<p>Elei\u00e7\u00f5es PR 2026: Moro prop\u00f5e app de controle de ped\u00e1gios Candidato ao governo do Paran\u00e1 pelo PL, S\u00e9rgio Moro detalha proposta de plataforma digital para fiscalizar obras e tarifas rodovi\u00e1rias no estado. Durante sabatina realizada nesta sexta-feira (4), o candidato ao governo do estado S\u00e9rgio Moro (PL) apresentou a proposta de desenvolver uma ferramenta digital voltada ao monitoramento das rodovias paranaenses administradas pela iniciativa privada. <\/p>\n<h2>Inova\u00e7\u00e3o inspirada na ind\u00fastria<\/h2>\n<p> O projeto tem como base o modelo j\u00e1 testado pelo Observat\u00f3rio Digital dos Ped\u00e1gios, iniciativa da Federa\u00e7\u00e3o das Ind\u00fastrias do Paran\u00e1 (Fiep). A ideia central \u00e9 absorver a tecnologia para a gest\u00e3o p\u00fablica estadual, garantindo total transpar\u00eancia \u00e0 popula\u00e7\u00e3o. De acordo com o candidato, qualquer cidad\u00e3o poder\u00e1 acessar a interface para conferir os valores cobrados nas pra\u00e7as, a lista de interven\u00e7\u00f5es planejadas e o andamento dos cronogramas. Nas vias que continuarem sob al\u00e7ada p\u00fablica, a promessa \u00e9 estabelecer prioridades regionais de investimento. <\/p>\n<h2>Agenda de campanha no interior<\/h2>\n<p> Enquanto detalha suas propostas de governo, a agenda pol\u00edtica do candidato incluiu passagens por munic\u00edpios da regi\u00e3o de Maring\u00e1, com reuni\u00f5es com lideran\u00e7as locais, recebimento de demandas de prefeitos na Amusep e caminhadas por cidades vizinhas. A corrida eleitoral para o pleito de 2026 teve in\u00edcio oficial em 16 de agosto, data que liberou a realiza\u00e7\u00e3o de com\u00edcios, atos de rua e a propaga\u00e7\u00e3o de propostas nos meios de comunica\u00e7\u00e3o, conforme as diretrizes do Tribunal Superior Eleitoral. <\/p>\n<h2>Cen\u00e1rio da disputa estadual<\/h2>\n<p> O primeiro turno da vota\u00e7\u00e3o est\u00e1 agendado para o dia 4 de outubro, enquanto um eventual segundo turno ocorrer\u00e1 em 25 de outubro. No Paran\u00e1, a disputa pelo Pal\u00e1cio Igua\u00e7u conta com oito nomes oficializados por diferentes legendas partid\u00e1rias para o pleito. Por Reda\u00e7\u00e3o Acontece Divulga\u00e7\u00e3o<\/p>\n","protected":false},"excerpt":{"rendered":"<p>Elei\u00e7\u00f5es PR 2026: Moro prop\u00f5e app de controle de ped\u00e1gios Candidato ao governo do Paran\u00e1 pelo PL, S\u00e9rgio Moro detalha proposta de plataforma digital para fiscalizar obras e tarifas rodovi\u00e1rias no estado. Durante sabatina realizada nesta sexta-feira (4), o candidato ao governo do estado S\u00e9rgio Moro (PL) apresentou a proposta de desenvolver uma ferramenta digital [&hellip;]<\/p>\n","protected":false},"author":2,"featured_media":35381,"comment_status":"open","ping_status":"open","sticky":false,"template":"","format":"standard","meta":{"footnotes":""},"categories":[18],"tags":[],"class_list":["post-35354","post","type-post","status-publish","format-standard","has-post-thumbnail","hentry","category-parana"],"_links":{"self":[{"href":"https:\/\/acontecenafronteira.com.br\/index.php\/wp-json\/wp\/v2\/posts\/35354","targetHints":{"allow":["GET"]}}],"collection":[{"href":"https:\/\/acontecenafronteira.com.br\/index.php\/wp-json\/wp\/v2\/posts"}],"about":[{"href":"https:\/\/acontecenafronteira.com.br\/index.php\/wp-json\/wp\/v2\/types\/post"}],"author":[{"embeddable":true,"href":"https:\/\/acontecenafronteira.com.br\/index.php\/wp-json\/wp\/v2\/users\/2"}],"replies":[{"embeddable":true,"href":"https:\/\/acontecenafronteira.com.br\/index.php\/wp-json\/wp\/v2\/comments?post=35354"}],"version-history":[{"count":1,"href":"https:\/\/acontecenafronteira.com.br\/index.php\/wp-json\/wp\/v2\/posts\/35354\/revisions"}],"predecessor-version":[{"id":35380,"href":"https:\/\/acontecenafronteira.com.br\/index.php\/wp-json\/wp\/v2\/posts\/35354\/revisions\/35380"}],"wp:featuredmedia":[{"embeddable":true,"href":"https:\/\/acontecenafronteira.com.br\/index.php\/wp-json\/wp\/v2\/media\/35381"}],"wp:attachment":[{"href":"https:\/\/acontecenafronteira.com.br\/index.php\/wp-json\/wp\/v2\/media?parent=35354"}],"wp:term":[{"taxonomy":"category","embeddable":true,"href":"https:\/\/acontecenafronteira.com.br\/index.php\/wp-json\/wp\/v2\/categories?post=35354"},{"taxonomy":"post_tag","embeddable":true,"href":"https:\/\/acontecenafronteira.com.br\/index.php\/wp-json\/wp\/v2\/tags?post=35354"}],"curies":[{"name":"wp","href":"https:\/\/api.w.org\/{rel}","templated":true}]}}