{"id":35353,"date":"2026-09-04T19:19:26","date_gmt":"2026-09-04T22:19:26","guid":{"rendered":"https:\/\/acontecenafronteira.com.br\/?p=35353"},"modified":"2026-09-04T19:19:26","modified_gmt":"2026-09-04T22:19:26","slug":"alerta-no-parana-tempestades-e-ventos-de-ate-70-km-h-atingem-o-estado","status":"publish","type":"post","link":"https:\/\/acontecenafronteira.com.br\/index.php\/2026\/09\/04\/alerta-no-parana-tempestades-e-ventos-de-ate-70-km-h-atingem-o-estado\/","title":{"rendered":"Alerta no Paran\u00e1: Tempestades e ventos de at\u00e9 70 km\/h atingem o estado"},"content":{"rendered":"<p>O estado do Paran\u00e1 entrou em alerta oficial devido \u00e0 previs\u00e3o de tempestades severas, rajadas de vento que podem alcan\u00e7ar at\u00e9 70 km\/h e possibilidade de queda de granizo durante esta sexta-feira (4) e o s\u00e1bado (5). As autoridades meteorol\u00f3gicas apontam que o avan\u00e7o de uma nova frente fria \u00e9 o principal motivador dessa mudan\u00e7a dr\u00e1stica nas condi\u00e7\u00f5es clim\u00e1ticas da regi\u00e3o Sul.<\/p>\n<h2>Avan\u00e7o da frente fria e \u00e1reas mais afetadas<\/h2>\n<p>De acordo com o Instituto Nacional de Meteorologia (Inmet), o volume de precipita\u00e7\u00e3o pode atingir a marca de 30 mil\u00edmetros por hora ou somar at\u00e9 50 mil\u00edmetros ao longo do dia. A Climatempo destaca que os temporais come\u00e7am de forma mais intensa no sul paranaense e nas localidades da metade leste que fazem divisa com o estado de Santa Catarina. Nessas \u00e1reas espec\u00edficas, as rajadas de vento mais fortes t\u00eam potencial para provocar estragos pontuais.<\/p>\n<h2>Previs\u00e3o detalhada para o s\u00e1bado e o domingo<\/h2>\n<p>No s\u00e1bado (5), a instabilidade ganha ainda mais for\u00e7a e se espalha por outras regi\u00f5es paranaenses, transformando o estado em um dos principais pontos de atua\u00e7\u00e3o do sistema frontal. Os acumulados mais expressivos de chuva devem se concentrar entre a faixa leste e os Campos Gerais, enquanto as temperaturas m\u00e1ximas registram queda acentuada devido \u00e0 forte cobertura de nuvens.<\/p>\n<p>J\u00e1 no domingo (6), a frente fria se desloca em dire\u00e7\u00e3o a outras regi\u00f5es do pa\u00eds, abrindo espa\u00e7o para a entrada de uma massa de ar polar. Embora a chuva perca for\u00e7a em grande parte do territ\u00f3rio, as instabilidades ainda persistem no norte e no nordeste paranaense. O principal destaque deste dia ser\u00e1 o resfriamento dr\u00e1stico, com uma queda generalizada nas temperaturas em todo o Paran\u00e1.<\/p>\n<p>Por Reda\u00e7\u00e3o Acontece<\/p>\n<p>Cr\u00e9ditos da imagem: Reprodu\u00e7\u00e3o \/ Climatempo<\/p>\n","protected":false},"excerpt":{"rendered":"<p>O estado do Paran\u00e1 entrou em alerta oficial devido \u00e0 previs\u00e3o de tempestades severas, rajadas de vento que podem alcan\u00e7ar at\u00e9 70 km\/h e possibilidade de queda de granizo durante esta sexta-feira (4) e o s\u00e1bado (5). As autoridades meteorol\u00f3gicas apontam que o avan\u00e7o de uma nova frente fria \u00e9 o principal motivador dessa mudan\u00e7a [&hellip;]<\/p>\n","protected":false},"author":2,"featured_media":35379,"comment_status":"open","ping_status":"open","sticky":false,"template":"","format":"standard","meta":{"footnotes":""},"categories":[18],"tags":[],"class_list":["post-35353","post","type-post","status-publish","format-standard","has-post-thumbnail","hentry","category-parana"],"_links":{"self":[{"href":"https:\/\/acontecenafronteira.com.br\/index.php\/wp-json\/wp\/v2\/posts\/35353","targetHints":{"allow":["GET"]}}],"collection":[{"href":"https:\/\/acontecenafronteira.com.br\/index.php\/wp-json\/wp\/v2\/posts"}],"about":[{"href":"https:\/\/acontecenafronteira.com.br\/index.php\/wp-json\/wp\/v2\/types\/post"}],"author":[{"embeddable":true,"href":"https:\/\/acontecenafronteira.com.br\/index.php\/wp-json\/wp\/v2\/users\/2"}],"replies":[{"embeddable":true,"href":"https:\/\/acontecenafronteira.com.br\/index.php\/wp-json\/wp\/v2\/comments?post=35353"}],"version-history":[{"count":1,"href":"https:\/\/acontecenafronteira.com.br\/index.php\/wp-json\/wp\/v2\/posts\/35353\/revisions"}],"predecessor-version":[{"id":35378,"href":"https:\/\/acontecenafronteira.com.br\/index.php\/wp-json\/wp\/v2\/posts\/35353\/revisions\/35378"}],"wp:featuredmedia":[{"embeddable":true,"href":"https:\/\/acontecenafronteira.com.br\/index.php\/wp-json\/wp\/v2\/media\/35379"}],"wp:attachment":[{"href":"https:\/\/acontecenafronteira.com.br\/index.php\/wp-json\/wp\/v2\/media?parent=35353"}],"wp:term":[{"taxonomy":"category","embeddable":true,"href":"https:\/\/acontecenafronteira.com.br\/index.php\/wp-json\/wp\/v2\/categories?post=35353"},{"taxonomy":"post_tag","embeddable":true,"href":"https:\/\/acontecenafronteira.com.br\/index.php\/wp-json\/wp\/v2\/tags?post=35353"}],"curies":[{"name":"wp","href":"https:\/\/api.w.org\/{rel}","templated":true}]}}