{"id":35352,"date":"2026-09-04T19:19:20","date_gmt":"2026-09-04T22:19:20","guid":{"rendered":"https:\/\/acontecenafronteira.com.br\/?p=35352"},"modified":"2026-09-04T19:19:20","modified_gmt":"2026-09-04T22:19:20","slug":"acidente-na-pr-151-deixa-um-morto-e-quatro-feridos-no-parana","status":"publish","type":"post","link":"https:\/\/acontecenafronteira.com.br\/index.php\/2026\/09\/04\/acidente-na-pr-151-deixa-um-morto-e-quatro-feridos-no-parana\/","title":{"rendered":"Acidente na PR-151 deixa um morto e quatro feridos no Paran\u00e1"},"content":{"rendered":"<p>Uma grave colis\u00e3o traseira envolvendo cinco ve\u00edculos resultou na morte de uma pessoa e deixou outras quatro feridas na tarde desta quinta-feira (3), no quil\u00f4metro 308 da PR-151, localizada no munic\u00edpio de Castro, na regi\u00e3o dos Campos Gerais do Paran\u00e1.<\/p>\n<h2>Din\u00e2mica da colis\u00e3o na rodovia paranaense<\/h2>\n<p>De acordo com informa\u00e7\u00f5es repassadas pela Pol\u00edcia Rodovi\u00e1ria Estadual, o tr\u00e1fego no trecho estava acumulado e apresentava lentid\u00e3o por conta de obras na pista. Um caminh\u00e3o n\u00e3o conseguiu frear a tempo diante da reten\u00e7\u00e3o no fluxo e atingiu em cheio os demais autom\u00f3veis que estavam parados na rodovia.<\/p>\n<p>Entre os ve\u00edculos atingidos estava um carro oficial pertencente \u00e0 Secretaria Municipal de Sa\u00fade de Pira\u00ed do Sul, que acabou esmagado entre dois caminh\u00f5es durante o impacto.<\/p>\n<h2>V\u00edtimas e atendimento m\u00e9dico no local<\/h2>\n<p>O passageiro do ve\u00edculo da sa\u00fade, identificado como Adir Teixeira da Silva J\u00fanior, de 66 anos, n\u00e3o resistiu aos ferimentos e faleceu no local. Ele atuava como banc\u00e1rio na capital paranaense. O motorista do autom\u00f3vel oficial, de 63 anos, sofreu les\u00f5es consideradas moderadas, enquanto uma passageira de 65 anos foi resgatada com ferimentos graves.<\/p>\n<p>Os demais envolvidos no acidente registraram diferentes graus de ferimentos ou sa\u00edram ilesos. A motorista de outro carro envolvido, de 31 anos, e um dos caminhoneiros, de 30 anos, sofreram les\u00f5es leves. J\u00e1 o condutor de uma picape e o motorista do segundo caminh\u00e3o n\u00e3o se feriram.<\/p>\n<h2>Posicionamento oficial e investiga\u00e7\u00f5es<\/h2>\n<p>A Prefeitura Municipal de Pira\u00ed do Sul emitiu uma nota oficial lamentando profundamente o falecimento e prestando solidariedade aos familiares e amigos da v\u00edtima do ve\u00edculo oficial.<\/p>\n<p>Por sua vez, a concession\u00e1ria EPR Litoral Pioneiro, administradora do trecho, esclareceu que as obras nas proximidades do quil\u00f4metro 310 estavam devidamente sinalizadas de acordo com as diretrizes de seguran\u00e7a vi\u00e1ria. As causas exatas da trag\u00e9dia ocorrida por volta das 14h20 ser\u00e3o apuradas pelas autoridades competentes.<\/p>\n<p>Por Reda\u00e7\u00e3o Acontece<\/p>\n<p>F\u00e1bio \u00c2ngelo\/RPC<\/p>\n","protected":false},"excerpt":{"rendered":"<p>Uma grave colis\u00e3o traseira envolvendo cinco ve\u00edculos resultou na morte de uma pessoa e deixou outras quatro feridas na tarde desta quinta-feira (3), no quil\u00f4metro 308 da PR-151, localizada no munic\u00edpio de Castro, na regi\u00e3o dos Campos Gerais do Paran\u00e1. Din\u00e2mica da colis\u00e3o na rodovia paranaense De acordo com informa\u00e7\u00f5es repassadas pela Pol\u00edcia Rodovi\u00e1ria Estadual, [&hellip;]<\/p>\n","protected":false},"author":2,"featured_media":35377,"comment_status":"open","ping_status":"open","sticky":false,"template":"","format":"standard","meta":{"footnotes":""},"categories":[18],"tags":[],"class_list":["post-35352","post","type-post","status-publish","format-standard","has-post-thumbnail","hentry","category-parana"],"_links":{"self":[{"href":"https:\/\/acontecenafronteira.com.br\/index.php\/wp-json\/wp\/v2\/posts\/35352","targetHints":{"allow":["GET"]}}],"collection":[{"href":"https:\/\/acontecenafronteira.com.br\/index.php\/wp-json\/wp\/v2\/posts"}],"about":[{"href":"https:\/\/acontecenafronteira.com.br\/index.php\/wp-json\/wp\/v2\/types\/post"}],"author":[{"embeddable":true,"href":"https:\/\/acontecenafronteira.com.br\/index.php\/wp-json\/wp\/v2\/users\/2"}],"replies":[{"embeddable":true,"href":"https:\/\/acontecenafronteira.com.br\/index.php\/wp-json\/wp\/v2\/comments?post=35352"}],"version-history":[{"count":1,"href":"https:\/\/acontecenafronteira.com.br\/index.php\/wp-json\/wp\/v2\/posts\/35352\/revisions"}],"predecessor-version":[{"id":35376,"href":"https:\/\/acontecenafronteira.com.br\/index.php\/wp-json\/wp\/v2\/posts\/35352\/revisions\/35376"}],"wp:featuredmedia":[{"embeddable":true,"href":"https:\/\/acontecenafronteira.com.br\/index.php\/wp-json\/wp\/v2\/media\/35377"}],"wp:attachment":[{"href":"https:\/\/acontecenafronteira.com.br\/index.php\/wp-json\/wp\/v2\/media?parent=35352"}],"wp:term":[{"taxonomy":"category","embeddable":true,"href":"https:\/\/acontecenafronteira.com.br\/index.php\/wp-json\/wp\/v2\/categories?post=35352"},{"taxonomy":"post_tag","embeddable":true,"href":"https:\/\/acontecenafronteira.com.br\/index.php\/wp-json\/wp\/v2\/tags?post=35352"}],"curies":[{"name":"wp","href":"https:\/\/api.w.org\/{rel}","templated":true}]}}