{"id":35351,"date":"2026-09-04T19:19:14","date_gmt":"2026-09-04T22:19:14","guid":{"rendered":"https:\/\/acontecenafronteira.com.br\/?p=35351"},"modified":"2026-09-04T19:19:14","modified_gmt":"2026-09-04T22:19:14","slug":"homem-e-preso-suspeito-de-60-facadas-em-indigena-no-pr","status":"publish","type":"post","link":"https:\/\/acontecenafronteira.com.br\/index.php\/2026\/09\/04\/homem-e-preso-suspeito-de-60-facadas-em-indigena-no-pr\/","title":{"rendered":"Homem \u00e9 preso suspeito de 60 facadas em ind\u00edgena no PR"},"content":{"rendered":"<p>Um homem foi preso em Gua\u00edra, no Oeste paranaense, sob a acusa\u00e7\u00e3o de desferir cerca de 60 facadas em um ind\u00edgena. A v\u00edtima sofreu ferimentos grav\u00edssimos e precisou ser internada na ala vermelha de uma unidade hospitalar em Toledo, mas conseguiu se recuperar e recebeu alta m\u00e9dica.<\/p>\n<h2>O in\u00edcio da investiga\u00e7\u00e3o e a falsa acusa\u00e7\u00e3o<\/h2>\n<p>O caso teve reviravoltas desde a sua ocorr\u00eancia, registrada na madrugada do dia 10 de agosto, nas proximidades da Aldeia Tekoha Mirim. Encontrada com les\u00f5es severas na Estrada da Faixinha, a v\u00edtima foi socorrida pelo Servi\u00e7o de Atendimento M\u00f3vel de Urg\u00eancia.<\/p>\n<p>Logo ap\u00f3s a agress\u00e3o, dois moradores da comunidade ind\u00edgena foram detidos injustamente. A pris\u00e3o ocorreu porque o l\u00edder local e outras testemunhas apontaram os dois inocentes como os autores do crime durante depoimentos oficiais \u00e0 Justi\u00e7a, o que resultou em uma pris\u00e3o em flagrante e em um pedido de preventiva acatado pelo judici\u00e1rio.<\/p>\n<h2>A reviravolta com o depoimento da v\u00edtima<\/h2>\n<p>O cen\u00e1rio mudou completamente quando o ind\u00edgena atacado recebeu alta hospitalar e prestou depoimento aos investigadores. A v\u00edtima negou categoricamente qualquer envolvimento dos dois suspeitos que estavam encarcerados.<\/p>\n<p>Diante da nova declara\u00e7\u00e3o, a autoridade policial respons\u00e1vel pelo caso solicitou imediatamente ao Minist\u00e9rio P\u00fablico a revoga\u00e7\u00e3o das ordens de pris\u00e3o, permitindo que os dois homens inocentes recuperassem a liberdade.<\/p>\n<h2>Confiss\u00e3o e pris\u00e3o do verdadeiro agressor<\/h2>\n<p>Munidos de novas informa\u00e7\u00f5es fornecidas pelo sobrevivente, os agentes de seguran\u00e7a conseguiram rastrear o verdadeiro autor do atentado violento no interior do estado.<\/p>\n<p>Durante o interrogat\u00f3rio oficial, o investigado admitiu a autoria do crime e relatou detalhes da a\u00e7\u00e3o. De acordo com as apura\u00e7\u00f5es conduzidas pela corpora\u00e7\u00e3o, a motiva\u00e7\u00e3o estaria ligada a um desentendimento ocorrido durante o consumo de bebidas alco\u00f3licas na regi\u00e3o da aldeia.<\/p>\n<p>Embora tenha sido liberado inicialmente por n\u00e3o estar em situa\u00e7\u00e3o de flagrante, o indiv\u00edduo teve a pris\u00e3o preventiva decretada pela Justi\u00e7a a pedido do Minist\u00e9rio P\u00fablico, sendo capturado e encaminhado ao sistema prisional pelas equipes da Pol\u00edcia Civil.<\/p>\n<p>Por Reda\u00e7\u00e3o Acontece<\/p>\n<p>Foto: Pol\u00edcia Civil do Paran\u00e1 \/ Divulga\u00e7\u00e3o<\/p>\n","protected":false},"excerpt":{"rendered":"<p>Um homem foi preso em Gua\u00edra, no Oeste paranaense, sob a acusa\u00e7\u00e3o de desferir cerca de 60 facadas em um ind\u00edgena. A v\u00edtima sofreu ferimentos grav\u00edssimos e precisou ser internada na ala vermelha de uma unidade hospitalar em Toledo, mas conseguiu se recuperar e recebeu alta m\u00e9dica. O in\u00edcio da investiga\u00e7\u00e3o e a falsa acusa\u00e7\u00e3o [&hellip;]<\/p>\n","protected":false},"author":2,"featured_media":35375,"comment_status":"open","ping_status":"open","sticky":false,"template":"","format":"standard","meta":{"footnotes":""},"categories":[18],"tags":[],"class_list":["post-35351","post","type-post","status-publish","format-standard","has-post-thumbnail","hentry","category-parana"],"_links":{"self":[{"href":"https:\/\/acontecenafronteira.com.br\/index.php\/wp-json\/wp\/v2\/posts\/35351","targetHints":{"allow":["GET"]}}],"collection":[{"href":"https:\/\/acontecenafronteira.com.br\/index.php\/wp-json\/wp\/v2\/posts"}],"about":[{"href":"https:\/\/acontecenafronteira.com.br\/index.php\/wp-json\/wp\/v2\/types\/post"}],"author":[{"embeddable":true,"href":"https:\/\/acontecenafronteira.com.br\/index.php\/wp-json\/wp\/v2\/users\/2"}],"replies":[{"embeddable":true,"href":"https:\/\/acontecenafronteira.com.br\/index.php\/wp-json\/wp\/v2\/comments?post=35351"}],"version-history":[{"count":1,"href":"https:\/\/acontecenafronteira.com.br\/index.php\/wp-json\/wp\/v2\/posts\/35351\/revisions"}],"predecessor-version":[{"id":35374,"href":"https:\/\/acontecenafronteira.com.br\/index.php\/wp-json\/wp\/v2\/posts\/35351\/revisions\/35374"}],"wp:featuredmedia":[{"embeddable":true,"href":"https:\/\/acontecenafronteira.com.br\/index.php\/wp-json\/wp\/v2\/media\/35375"}],"wp:attachment":[{"href":"https:\/\/acontecenafronteira.com.br\/index.php\/wp-json\/wp\/v2\/media?parent=35351"}],"wp:term":[{"taxonomy":"category","embeddable":true,"href":"https:\/\/acontecenafronteira.com.br\/index.php\/wp-json\/wp\/v2\/categories?post=35351"},{"taxonomy":"post_tag","embeddable":true,"href":"https:\/\/acontecenafronteira.com.br\/index.php\/wp-json\/wp\/v2\/tags?post=35351"}],"curies":[{"name":"wp","href":"https:\/\/api.w.org\/{rel}","templated":true}]}}