{"id":35350,"date":"2026-09-04T19:19:06","date_gmt":"2026-09-04T22:19:06","guid":{"rendered":"https:\/\/acontecenafronteira.com.br\/?p=35350"},"modified":"2026-09-04T19:19:06","modified_gmt":"2026-09-04T22:19:06","slug":"medicos-e-enfermeiros-sao-indiciados-por-morte-de-crianca-no-pr","status":"publish","type":"post","link":"https:\/\/acontecenafronteira.com.br\/index.php\/2026\/09\/04\/medicos-e-enfermeiros-sao-indiciados-por-morte-de-crianca-no-pr\/","title":{"rendered":"M\u00e9dicos e enfermeiros s\u00e3o indiciados por morte de crian\u00e7a no PR"},"content":{"rendered":"<p>Um m\u00e9dico, uma enfermeira e duas t\u00e9cnicas de enfermagem foram indiciados pela morte de um menino de 4 anos ocorrida em junho, em um hospital no norte do <strong>Paran\u00e1<\/strong>. A Pol\u00edcia Civil concluiu que houve homic\u00eddio culposo durante o atendimento da crian\u00e7a, que faleceu em decorr\u00eancia de complica\u00e7\u00f5es causadas por uma infec\u00e7\u00e3o de influenza tipo B.<\/p>\n<h2>Falhas no atendimento e falta de exames<\/h2>\n<p>O inqu\u00e9rito policial apontou que a v\u00edtima deu entrada na institui\u00e7\u00e3o de sa\u00fade apresentando febre e v\u00f4mitos, um quadro que exigia testes espec\u00edficos para o v\u00edrus influenza. No entanto, o procedimento n\u00e3o foi realizado devido a falhas na comunica\u00e7\u00e3o interna entre a equipe m\u00e9dica e de enfermagem.<\/p>\n<p>Enquanto o profissional respons\u00e1vel alegou ter solicitado o exame no sistema, funcion\u00e1rias afirmaram que o protocolo exigia avisos verbais que nunca foram feitos. Al\u00e9m disso, laudos da Pol\u00edcia Cient\u00edfica demonstraram inobserv\u00e2ncia de regras t\u00e9cnicas e falta de monitoramento adequado do paciente durante a madrugada.<\/p>\n<h2>Falta de oxig\u00eanio e piora ignorada<\/h2>\n<p>Durante a interna\u00e7\u00e3o na unidade localizada em <strong>Joaquim T\u00e1vora<\/strong>, a situa\u00e7\u00e3o do garoto se agravou significativamente. A investiga\u00e7\u00e3o revelou que os profissionais falharam ao n\u00e3o comunicar o n\u00edvel cr\u00edtico de satura\u00e7\u00e3o de oxig\u00eanio do menino ao m\u00e9dico plantonista, que acabou prescrevendo medicamentos \u00e0 dist\u00e2ncia por telefone.<\/p>\n<p>A fam\u00edlia relatou diversos momentos de piora progressiva, incluindo agita\u00e7\u00e3o e l\u00e1bios com altera\u00e7\u00e3o de colora\u00e7\u00e3o, mas os pedidos por uma nova avalia\u00e7\u00e3o m\u00e9dica presencial foram ignorados. A crian\u00e7a tamb\u00e9m n\u00e3o foi transferida para uma Unidade de Terapia Intensiva.<\/p>\n<p>O caso agora est\u00e1 nas m\u00e3os do Minist\u00e9rio P\u00fablico, que solicitou dilig\u00eancias complementares antes de decidir sobre a den\u00fancia formal \u00e0 Justi\u00e7a, enquanto a administra\u00e7\u00e3o municipal informou que o hospital atua como institui\u00e7\u00e3o privada parceira e colabora com as investiga\u00e7\u00f5es.<\/p>\n<p>Por Reda\u00e7\u00e3o Acontece<\/p>\n<p>Reprodu\u00e7\u00e3o\/Google Street View<\/p>\n","protected":false},"excerpt":{"rendered":"<p>Um m\u00e9dico, uma enfermeira e duas t\u00e9cnicas de enfermagem foram indiciados pela morte de um menino de 4 anos ocorrida em junho, em um hospital no norte do Paran\u00e1. A Pol\u00edcia Civil concluiu que houve homic\u00eddio culposo durante o atendimento da crian\u00e7a, que faleceu em decorr\u00eancia de complica\u00e7\u00f5es causadas por uma infec\u00e7\u00e3o de influenza tipo [&hellip;]<\/p>\n","protected":false},"author":2,"featured_media":35373,"comment_status":"open","ping_status":"open","sticky":false,"template":"","format":"standard","meta":{"footnotes":""},"categories":[18],"tags":[],"class_list":["post-35350","post","type-post","status-publish","format-standard","has-post-thumbnail","hentry","category-parana"],"_links":{"self":[{"href":"https:\/\/acontecenafronteira.com.br\/index.php\/wp-json\/wp\/v2\/posts\/35350","targetHints":{"allow":["GET"]}}],"collection":[{"href":"https:\/\/acontecenafronteira.com.br\/index.php\/wp-json\/wp\/v2\/posts"}],"about":[{"href":"https:\/\/acontecenafronteira.com.br\/index.php\/wp-json\/wp\/v2\/types\/post"}],"author":[{"embeddable":true,"href":"https:\/\/acontecenafronteira.com.br\/index.php\/wp-json\/wp\/v2\/users\/2"}],"replies":[{"embeddable":true,"href":"https:\/\/acontecenafronteira.com.br\/index.php\/wp-json\/wp\/v2\/comments?post=35350"}],"version-history":[{"count":1,"href":"https:\/\/acontecenafronteira.com.br\/index.php\/wp-json\/wp\/v2\/posts\/35350\/revisions"}],"predecessor-version":[{"id":35372,"href":"https:\/\/acontecenafronteira.com.br\/index.php\/wp-json\/wp\/v2\/posts\/35350\/revisions\/35372"}],"wp:featuredmedia":[{"embeddable":true,"href":"https:\/\/acontecenafronteira.com.br\/index.php\/wp-json\/wp\/v2\/media\/35373"}],"wp:attachment":[{"href":"https:\/\/acontecenafronteira.com.br\/index.php\/wp-json\/wp\/v2\/media?parent=35350"}],"wp:term":[{"taxonomy":"category","embeddable":true,"href":"https:\/\/acontecenafronteira.com.br\/index.php\/wp-json\/wp\/v2\/categories?post=35350"},{"taxonomy":"post_tag","embeddable":true,"href":"https:\/\/acontecenafronteira.com.br\/index.php\/wp-json\/wp\/v2\/tags?post=35350"}],"curies":[{"name":"wp","href":"https:\/\/api.w.org\/{rel}","templated":true}]}}