{"id":35348,"date":"2026-09-04T19:18:55","date_gmt":"2026-09-04T22:18:55","guid":{"rendered":"https:\/\/acontecenafronteira.com.br\/?p=35348"},"modified":"2026-09-04T19:18:55","modified_gmt":"2026-09-04T22:18:55","slug":"requiao-filho-propoe-zerar-impostos-de-pequenas-empresas-no-pr","status":"publish","type":"post","link":"https:\/\/acontecenafronteira.com.br\/index.php\/2026\/09\/04\/requiao-filho-propoe-zerar-impostos-de-pequenas-empresas-no-pr\/","title":{"rendered":"Requi\u00e3o Filho prop\u00f5e zerar impostos de pequenas empresas no PR"},"content":{"rendered":"<p>Com o objetivo de impulsionar a economia paranaense e estimular a cria\u00e7\u00e3o de postos de trabalho, o candidato ao governo estadual Requi\u00e3o Filho (PDT) apresentou uma proposta para eliminar os tributos incidentes sobre micro e pequenas empresas at\u00e9 o ano de 2033.<\/p>\n<h2>O impacto na economia e no emprego<\/h2>\n<p>De acordo com o pol\u00edtico, esses neg\u00f3cios respondem por uma fatia reduzida da arrecada\u00e7\u00e3o p\u00fablica, mas concentram a maioria absoluta das oportunidades de trabalho no territ\u00f3rio paranaense.<\/p>\n<p>A estrat\u00e9gia est\u00e1 alinhada ao cronograma de implementa\u00e7\u00e3o da reforma tribut\u00e1ria nacional. A meta \u00e9 assegurar a estabilidade de renda e a circula\u00e7\u00e3o de capital dentro do estado.<\/p>\n<h2>Agenda de campanha no Sudoeste<\/h2>\n<p>Nesta sexta-feira (4), a agenda de compromissos oficiais do candidato contempla visitas a munic\u00edpios da regi\u00e3o Sudoeste do Paran\u00e1. Pela manh\u00e3, est\u00e3o programadas entrevistas para ve\u00edculos de imprensa locais e encontros com lideran\u00e7as de cooperativas.<\/p>\n<p>No per\u00edodo vespertino, o pol\u00edtico participa de grava\u00e7\u00f5es eleitorais e agendas com associa\u00e7\u00f5es municipais para receber reivindica\u00e7\u00f5es regionais. J\u00e1 no per\u00edodo noturno, ele marca presen\u00e7a em eventos culturais e lan\u00e7amentos de candidaturas locais.<\/p>\n<h2>Panorama da disputa eleitoral<\/h2>\n<p>A corrida pelas urnas em 2026 teve in\u00edcio oficial em 16 de agosto, per\u00edodo em que os postulantes aos cargos p\u00fablicos est\u00e3o autorizados a realizar com\u00edcios, caminhadas, debates e veicular propaganda eleitoral em diferentes m\u00eddias, conforme as normativas da Justi\u00e7a Eleitoral.<\/p>\n<p>O primeiro turno do pleito est\u00e1 agendado para o dia 4 de outubro, enquanto um eventual segundo turno ocorrer\u00e1 em 25 de outubro. No Paran\u00e1, a disputa pelo governo estadual conta com oito nomes oficializados pelos partidos pol\u00edticos, incluindo Adriano Teixeira, Alexandre Salom\u00e3o, Luiz Fran\u00e7a, Requi\u00e3o Filho, Samuel Mattos, Sandro Alex, S\u00e9rgio Moro e Tayn\u00e1 Miessa.<\/p>\n<p>Por Reda\u00e7\u00e3o Acontece<\/p>\n<p>Orlando Kissner\/Alep<\/p>\n","protected":false},"excerpt":{"rendered":"<p>Com o objetivo de impulsionar a economia paranaense e estimular a cria\u00e7\u00e3o de postos de trabalho, o candidato ao governo estadual Requi\u00e3o Filho (PDT) apresentou uma proposta para eliminar os tributos incidentes sobre micro e pequenas empresas at\u00e9 o ano de 2033. O impacto na economia e no emprego De acordo com o pol\u00edtico, esses [&hellip;]<\/p>\n","protected":false},"author":2,"featured_media":35369,"comment_status":"open","ping_status":"open","sticky":false,"template":"","format":"standard","meta":{"footnotes":""},"categories":[18],"tags":[],"class_list":["post-35348","post","type-post","status-publish","format-standard","has-post-thumbnail","hentry","category-parana"],"_links":{"self":[{"href":"https:\/\/acontecenafronteira.com.br\/index.php\/wp-json\/wp\/v2\/posts\/35348","targetHints":{"allow":["GET"]}}],"collection":[{"href":"https:\/\/acontecenafronteira.com.br\/index.php\/wp-json\/wp\/v2\/posts"}],"about":[{"href":"https:\/\/acontecenafronteira.com.br\/index.php\/wp-json\/wp\/v2\/types\/post"}],"author":[{"embeddable":true,"href":"https:\/\/acontecenafronteira.com.br\/index.php\/wp-json\/wp\/v2\/users\/2"}],"replies":[{"embeddable":true,"href":"https:\/\/acontecenafronteira.com.br\/index.php\/wp-json\/wp\/v2\/comments?post=35348"}],"version-history":[{"count":1,"href":"https:\/\/acontecenafronteira.com.br\/index.php\/wp-json\/wp\/v2\/posts\/35348\/revisions"}],"predecessor-version":[{"id":35368,"href":"https:\/\/acontecenafronteira.com.br\/index.php\/wp-json\/wp\/v2\/posts\/35348\/revisions\/35368"}],"wp:featuredmedia":[{"embeddable":true,"href":"https:\/\/acontecenafronteira.com.br\/index.php\/wp-json\/wp\/v2\/media\/35369"}],"wp:attachment":[{"href":"https:\/\/acontecenafronteira.com.br\/index.php\/wp-json\/wp\/v2\/media?parent=35348"}],"wp:term":[{"taxonomy":"category","embeddable":true,"href":"https:\/\/acontecenafronteira.com.br\/index.php\/wp-json\/wp\/v2\/categories?post=35348"},{"taxonomy":"post_tag","embeddable":true,"href":"https:\/\/acontecenafronteira.com.br\/index.php\/wp-json\/wp\/v2\/tags?post=35348"}],"curies":[{"name":"wp","href":"https:\/\/api.w.org\/{rel}","templated":true}]}}