{"id":35347,"date":"2026-09-04T19:18:49","date_gmt":"2026-09-04T22:18:49","guid":{"rendered":"https:\/\/acontecenafronteira.com.br\/?p=35347"},"modified":"2026-09-04T19:18:49","modified_gmt":"2026-09-04T22:18:49","slug":"eleicoes-2026-pr-agenda-de-sandro-alex-nesta-sexta","status":"publish","type":"post","link":"https:\/\/acontecenafronteira.com.br\/index.php\/2026\/09\/04\/eleicoes-2026-pr-agenda-de-sandro-alex-nesta-sexta\/","title":{"rendered":"Elei\u00e7\u00f5es 2026 PR: agenda de Sandro Alex nesta sexta"},"content":{"rendered":"<p>O candidato ao governo estadual Sandro Alex (PSD) cumpre uma intensa agenda de campanha nesta sexta-feira (4), passando por quatro munic\u00edpios paranaenses para grava\u00e7\u00f5es eleitorais, reuni\u00f5es e eventos p\u00fablicos.<\/p>\n<p>H2 Compromissos na capital e nos Campos Gerais<\/p>\n<p>H3 Manh\u00e3 e tarde de reuni\u00f5es<\/p>\n<p>As atividades come\u00e7am no per\u00edodo matutino em Ponta Grossa, localizada na regi\u00e3o dos Campos Gerais, onde o candidato grava conte\u00fados voltados para o programa eleitoral gratuito. J\u00e1 ao meio-dia, a agenda prev\u00ea um almo\u00e7o e encontro reservado com pastores na capital paranaense, Curitiba.<\/p>\n<p>H2 Eventos pol\u00edticos no Norte do estado<\/p>\n<p>H3 Noite de lan\u00e7amentos e feiras<\/p>\n<p>No per\u00edodo noturno, a movimenta\u00e7\u00e3o pol\u00edtica se transfere para a regi\u00e3o Norte do Paran\u00e1. \u00c0s 19h, o postulante ao Executivo estadual marca presen\u00e7a no lan\u00e7amento oficial de uma candidatura em Maring\u00e1.<\/p>\n<p>Posteriormente, \u00e0s 21h30, a programa\u00e7\u00e3o se encerra na cidade de Astorga com a participa\u00e7\u00e3o na cerim\u00f4nia de abertura da tradicional ExpoAstorga.<\/p>\n<p>H2 O cen\u00e1rio da disputa eleitoral paranaense<\/p>\n<p>Oficialmente iniciada em 16 de agosto em todo o territ\u00f3rio nacional, a campanha permite que postulantes realizem com\u00edcios, carreatas, debates e pe\u00e7am votos diretamente ao eleitorado, desde que respeitadas as normativas da Justi\u00e7a Eleitoral.<\/p>\n<p>O pleito deste ano conta com oito chapas registradas na corrida pelo Pal\u00e1cio Igua\u00e7u. A vota\u00e7\u00e3o do primeiro turno est\u00e1 agendada para o dia 4 de outubro, enquanto o eventual segundo turno deve ocorrer em 25 de outubro.<\/p>\n<p>Por Reda\u00e7\u00e3o Acontece<\/p>\n<p>Arquivo\/RPC<\/p>\n","protected":false},"excerpt":{"rendered":"<p>O candidato ao governo estadual Sandro Alex (PSD) cumpre uma intensa agenda de campanha nesta sexta-feira (4), passando por quatro munic\u00edpios paranaenses para grava\u00e7\u00f5es eleitorais, reuni\u00f5es e eventos p\u00fablicos. H2 Compromissos na capital e nos Campos Gerais H3 Manh\u00e3 e tarde de reuni\u00f5es As atividades come\u00e7am no per\u00edodo matutino em Ponta Grossa, localizada na regi\u00e3o [&hellip;]<\/p>\n","protected":false},"author":2,"featured_media":35367,"comment_status":"open","ping_status":"open","sticky":false,"template":"","format":"standard","meta":{"footnotes":""},"categories":[18],"tags":[],"class_list":["post-35347","post","type-post","status-publish","format-standard","has-post-thumbnail","hentry","category-parana"],"_links":{"self":[{"href":"https:\/\/acontecenafronteira.com.br\/index.php\/wp-json\/wp\/v2\/posts\/35347","targetHints":{"allow":["GET"]}}],"collection":[{"href":"https:\/\/acontecenafronteira.com.br\/index.php\/wp-json\/wp\/v2\/posts"}],"about":[{"href":"https:\/\/acontecenafronteira.com.br\/index.php\/wp-json\/wp\/v2\/types\/post"}],"author":[{"embeddable":true,"href":"https:\/\/acontecenafronteira.com.br\/index.php\/wp-json\/wp\/v2\/users\/2"}],"replies":[{"embeddable":true,"href":"https:\/\/acontecenafronteira.com.br\/index.php\/wp-json\/wp\/v2\/comments?post=35347"}],"version-history":[{"count":1,"href":"https:\/\/acontecenafronteira.com.br\/index.php\/wp-json\/wp\/v2\/posts\/35347\/revisions"}],"predecessor-version":[{"id":35366,"href":"https:\/\/acontecenafronteira.com.br\/index.php\/wp-json\/wp\/v2\/posts\/35347\/revisions\/35366"}],"wp:featuredmedia":[{"embeddable":true,"href":"https:\/\/acontecenafronteira.com.br\/index.php\/wp-json\/wp\/v2\/media\/35367"}],"wp:attachment":[{"href":"https:\/\/acontecenafronteira.com.br\/index.php\/wp-json\/wp\/v2\/media?parent=35347"}],"wp:term":[{"taxonomy":"category","embeddable":true,"href":"https:\/\/acontecenafronteira.com.br\/index.php\/wp-json\/wp\/v2\/categories?post=35347"},{"taxonomy":"post_tag","embeddable":true,"href":"https:\/\/acontecenafronteira.com.br\/index.php\/wp-json\/wp\/v2\/tags?post=35347"}],"curies":[{"name":"wp","href":"https:\/\/api.w.org\/{rel}","templated":true}]}}