{"id":35346,"date":"2026-09-04T19:18:44","date_gmt":"2026-09-04T22:18:44","guid":{"rendered":"https:\/\/acontecenafronteira.com.br\/?p=35346"},"modified":"2026-09-04T19:18:44","modified_gmt":"2026-09-04T22:18:44","slug":"mulher-espancada-no-pr-pede-para-filho-filmar-agressao","status":"publish","type":"post","link":"https:\/\/acontecenafronteira.com.br\/index.php\/2026\/09\/04\/mulher-espancada-no-pr-pede-para-filho-filmar-agressao\/","title":{"rendered":"Mulher espancada no PR pede para filho filmar agress\u00e3o"},"content":{"rendered":"<p>Mulher espancada no PR pede para filho filmar agress\u00e3o Mulher espancada pelo marido em Jaguaria\u00edva usou perfil falso para publicar v\u00eddeo gravado pelo filho de 8 anos e pedir socorro. Agressor foi preso. Uma moradora de Jaguaria\u00edva, nos Campos Gerais do Paran\u00e1, foi brutalmente agredida pelo marido e teve a coragem de pedir ao filho de 8 anos para registrar a viol\u00eancia em v\u00eddeo, utilizando posteriormente as redes sociais para conseguir ajuda. <\/p>\n<h2>O crime e a pris\u00e3o do agressor<\/h2>\n<p> O ataque ocorreu em 30 de agosto, diante tamb\u00e9m de outra crian\u00e7a do casal, de apenas dois anos. O suspeito, de 54 anos, desferiu socos, pux\u00f5es de cabelo, empurr\u00f5es e golpes com um peda\u00e7o de madeira, al\u00e9m de tentar sufocar a companheira com um travesseiro. O Minist\u00e9rio P\u00fablico detalhou que o homem ainda desferiu um golpe nas costas do enteado e amea\u00e7ou matar tanto a m\u00e3e quanto as crian\u00e7as caso o caso fosse denunciado. Ap\u00f3s as agress\u00f5es iniciais, o agressor trancou a v\u00edtima em casa, tomou seu aparelho celular e voltou a agredi-la horas mais tarde. <\/p>\n<h2>Estrat\u00e9gia para salvar a pr\u00f3pria vida<\/h2>\n<p> Aproveitando o momento em que o companheiro dormiu durante a madrugada, a v\u00edtima conseguiu recuperar o telefone. Como era proibida pelo marido de manter redes sociais pr\u00f3prias, ela criou um perfil falso de \u00faltima hora e publicou as fortes imagens gravadas pelo filho, afirmando no registro que, se morresse, &#8220;pelo menos ele vai preso&#8221;. A irm\u00e3 da v\u00edtima visualizou a postagem na internet e imediatamente acionou a Guarda Municipal. Os agentes chegaram rapidamente ao local e efetuaram a pris\u00e3o em flagrante do indiv\u00edduo. <\/p>\n<h2>Andamento da justi\u00e7a no Paran\u00e1<\/h2>\n<p> A pris\u00e3o em flagrante foi convertida em preventiva e o acusado permanece detido. Ele j\u00e1 possu\u00eda registros policiais anteriores por viol\u00eancia dom\u00e9stica e agora responde oficialmente como r\u00e9u ap\u00f3s a aceita\u00e7\u00e3o da den\u00fancia pelo Minist\u00e9rio P\u00fablico por les\u00e3o corporal qualificada, amea\u00e7a e vias de fato. Por Reda\u00e7\u00e3o Acontece Reprodu\u00e7\u00e3o<\/p>\n","protected":false},"excerpt":{"rendered":"<p>Mulher espancada no PR pede para filho filmar agress\u00e3o Mulher espancada pelo marido em Jaguaria\u00edva usou perfil falso para publicar v\u00eddeo gravado pelo filho de 8 anos e pedir socorro. Agressor foi preso. Uma moradora de Jaguaria\u00edva, nos Campos Gerais do Paran\u00e1, foi brutalmente agredida pelo marido e teve a coragem de pedir ao filho [&hellip;]<\/p>\n","protected":false},"author":2,"featured_media":35365,"comment_status":"open","ping_status":"open","sticky":false,"template":"","format":"standard","meta":{"footnotes":""},"categories":[18],"tags":[],"class_list":["post-35346","post","type-post","status-publish","format-standard","has-post-thumbnail","hentry","category-parana"],"_links":{"self":[{"href":"https:\/\/acontecenafronteira.com.br\/index.php\/wp-json\/wp\/v2\/posts\/35346","targetHints":{"allow":["GET"]}}],"collection":[{"href":"https:\/\/acontecenafronteira.com.br\/index.php\/wp-json\/wp\/v2\/posts"}],"about":[{"href":"https:\/\/acontecenafronteira.com.br\/index.php\/wp-json\/wp\/v2\/types\/post"}],"author":[{"embeddable":true,"href":"https:\/\/acontecenafronteira.com.br\/index.php\/wp-json\/wp\/v2\/users\/2"}],"replies":[{"embeddable":true,"href":"https:\/\/acontecenafronteira.com.br\/index.php\/wp-json\/wp\/v2\/comments?post=35346"}],"version-history":[{"count":1,"href":"https:\/\/acontecenafronteira.com.br\/index.php\/wp-json\/wp\/v2\/posts\/35346\/revisions"}],"predecessor-version":[{"id":35364,"href":"https:\/\/acontecenafronteira.com.br\/index.php\/wp-json\/wp\/v2\/posts\/35346\/revisions\/35364"}],"wp:featuredmedia":[{"embeddable":true,"href":"https:\/\/acontecenafronteira.com.br\/index.php\/wp-json\/wp\/v2\/media\/35365"}],"wp:attachment":[{"href":"https:\/\/acontecenafronteira.com.br\/index.php\/wp-json\/wp\/v2\/media?parent=35346"}],"wp:term":[{"taxonomy":"category","embeddable":true,"href":"https:\/\/acontecenafronteira.com.br\/index.php\/wp-json\/wp\/v2\/categories?post=35346"},{"taxonomy":"post_tag","embeddable":true,"href":"https:\/\/acontecenafronteira.com.br\/index.php\/wp-json\/wp\/v2\/tags?post=35346"}],"curies":[{"name":"wp","href":"https:\/\/api.w.org\/{rel}","templated":true}]}}