{"id":35345,"date":"2026-09-04T19:18:39","date_gmt":"2026-09-04T22:18:39","guid":{"rendered":"https:\/\/acontecenafronteira.com.br\/?p=35345"},"modified":"2026-09-04T19:18:39","modified_gmt":"2026-09-04T22:18:39","slug":"eleicoes-pr-onde-os-candidatos-ao-governo-fazem-campanha-hoje","status":"publish","type":"post","link":"https:\/\/acontecenafronteira.com.br\/index.php\/2026\/09\/04\/eleicoes-pr-onde-os-candidatos-ao-governo-fazem-campanha-hoje\/","title":{"rendered":"Elei\u00e7\u00f5es PR: Onde os candidatos ao governo fazem campanha hoje"},"content":{"rendered":"<p>A corrida pelo Pal\u00e1cio Igua\u00e7u movimenta diferentes regi\u00f5es paranaenses nesta sexta-feira (4), com os postulantes ao governo do estado intensificando suas agendas p\u00fablicas, entrevistas e encontros com eleitores e setores produtivos.<\/p>\n<h2>Agenda dos principais concorrentes no interior e na capital<\/h2>\n<p>Os candidatos Requi\u00e3o Filho (PDT), Sandro Alex (PSD) e S\u00e9rgio Moro (PL) dividem seus compromissos entre a capital e o interior, participando de grava\u00e7\u00f5es para o hor\u00e1rio eleitoral, reuni\u00f5es setoriais, caminhadas e eventos pol\u00edticos estrat\u00e9gicos.<\/p>\n<p>Requi\u00e3o Filho concentrou suas atividades no Sudoeste paranaense, onde concedeu entrevistas, reuniu-se com a Cooperativa Unicafes e participou de encontros pol\u00edticos, finalizando a noite no lan\u00e7amento de uma candidatura.<\/p>\n<p>J\u00e1 Sandro Alex dedicou parte do dia \u00e0 grava\u00e7\u00e3o de programas eleitorais em Ponta Grossa, nos Campos Gerais, e teve agendas em Curitiba antes de seguir para Maring\u00e1 e para a abertura da ExpoAstorga.<\/p>\n<p>Por sua vez, S\u00e9rgio Moro iniciou a sexta-feira em Maring\u00e1 com entrevista e reuni\u00e3o na Amusep, onde debateu demandas locais com prefeitos. Na sequ\u00eancia, realizou caminhadas por Pai\u00e7andu, Sarandi, Marialva e Mandaguari, encerrando a programa\u00e7\u00e3o com agr\u00f4nomos em Maring\u00e1.<\/p>\n<h2>Movimenta\u00e7\u00e3o dos demais postulantes ao governo<\/h2>\n<p>Outros nomes na disputa tamb\u00e9m marcaram presen\u00e7a em universidades, ruas e munic\u00edpios do interior para divulgar suas propostas aos eleitores paranaenses.<\/p>\n<p>Adriano Funileiro (PCO) esteve em Paranava\u00ed, visitando estudantes do Instituto Federal do Paran\u00e1 (IFPR) e da Universidade Estadual do Paran\u00e1 (Unespar). Alexandre Salom\u00e3o (Mobiliza) focou sua atua\u00e7\u00e3o em Curitiba com grava\u00e7\u00f5es e reuni\u00f5es, fechando a noite em uma transmiss\u00e3o ao vivo com outros candidatos.<\/p>\n<p>Luiz Fran\u00e7a (Miss\u00e3o) viajou at\u00e9 Francisco Beltr\u00e3o para receber a Carta do Sudoeste da AMSOP. Thayn\u00e1 Miessa (UP) realizou panfletagem e campanha na tradicional Rua XV de Novembro, em Curitiba. Enquanto isso, Samuel Mattos (PSTU) n\u00e3o teve compromissos p\u00fablicos divulgados para a data.<\/p>\n<p>O pleito de 2026 conta com oito chapas registradas no Tribunal Superior Eleitoral (TSE) para a disputa estadual. O primeiro turno est\u00e1 agendado para o dia 4 de outubro, com eventual segundo turno no dia 25 do mesmo m\u00eas.<\/p>\n<p>Por Reda\u00e7\u00e3o Acontece<\/p>\n<p>Pal\u00e1cio Igua\u00e7u &#8211; Governo do Paran\u00e1 \/ Divulga\u00e7\u00e3o<\/p>\n","protected":false},"excerpt":{"rendered":"<p>A corrida pelo Pal\u00e1cio Igua\u00e7u movimenta diferentes regi\u00f5es paranaenses nesta sexta-feira (4), com os postulantes ao governo do estado intensificando suas agendas p\u00fablicas, entrevistas e encontros com eleitores e setores produtivos. Agenda dos principais concorrentes no interior e na capital Os candidatos Requi\u00e3o Filho (PDT), Sandro Alex (PSD) e S\u00e9rgio Moro (PL) dividem seus compromissos [&hellip;]<\/p>\n","protected":false},"author":2,"featured_media":35363,"comment_status":"open","ping_status":"open","sticky":false,"template":"","format":"standard","meta":{"footnotes":""},"categories":[18],"tags":[],"class_list":["post-35345","post","type-post","status-publish","format-standard","has-post-thumbnail","hentry","category-parana"],"_links":{"self":[{"href":"https:\/\/acontecenafronteira.com.br\/index.php\/wp-json\/wp\/v2\/posts\/35345","targetHints":{"allow":["GET"]}}],"collection":[{"href":"https:\/\/acontecenafronteira.com.br\/index.php\/wp-json\/wp\/v2\/posts"}],"about":[{"href":"https:\/\/acontecenafronteira.com.br\/index.php\/wp-json\/wp\/v2\/types\/post"}],"author":[{"embeddable":true,"href":"https:\/\/acontecenafronteira.com.br\/index.php\/wp-json\/wp\/v2\/users\/2"}],"replies":[{"embeddable":true,"href":"https:\/\/acontecenafronteira.com.br\/index.php\/wp-json\/wp\/v2\/comments?post=35345"}],"version-history":[{"count":1,"href":"https:\/\/acontecenafronteira.com.br\/index.php\/wp-json\/wp\/v2\/posts\/35345\/revisions"}],"predecessor-version":[{"id":35362,"href":"https:\/\/acontecenafronteira.com.br\/index.php\/wp-json\/wp\/v2\/posts\/35345\/revisions\/35362"}],"wp:featuredmedia":[{"embeddable":true,"href":"https:\/\/acontecenafronteira.com.br\/index.php\/wp-json\/wp\/v2\/media\/35363"}],"wp:attachment":[{"href":"https:\/\/acontecenafronteira.com.br\/index.php\/wp-json\/wp\/v2\/media?parent=35345"}],"wp:term":[{"taxonomy":"category","embeddable":true,"href":"https:\/\/acontecenafronteira.com.br\/index.php\/wp-json\/wp\/v2\/categories?post=35345"},{"taxonomy":"post_tag","embeddable":true,"href":"https:\/\/acontecenafronteira.com.br\/index.php\/wp-json\/wp\/v2\/tags?post=35345"}],"curies":[{"name":"wp","href":"https:\/\/api.w.org\/{rel}","templated":true}]}}