{"id":35344,"date":"2026-09-04T19:18:30","date_gmt":"2026-09-04T22:18:30","guid":{"rendered":"https:\/\/acontecenafronteira.com.br\/?p=35344"},"modified":"2026-09-04T19:18:30","modified_gmt":"2026-09-04T22:18:30","slug":"cristina-graeml-promete-acabar-com-fundo-eleitoral-se-eleita-no-pr","status":"publish","type":"post","link":"https:\/\/acontecenafronteira.com.br\/index.php\/2026\/09\/04\/cristina-graeml-promete-acabar-com-fundo-eleitoral-se-eleita-no-pr\/","title":{"rendered":"Cristina Graeml promete acabar com Fundo Eleitoral se eleita no PR"},"content":{"rendered":"<p>A candidata ao Senado pelo Paran\u00e1, Cristina Graeml (PSD), afirmou durante sabatina na TV que pretende lutar pelo fim do Fundo Eleitoral caso seja eleita nas pr\u00f3ximas elei\u00e7\u00f5es.<\/p>\n<h2>Posicionamento sobre o uso de recursos p\u00fablicos<\/h2>\n<p>\nQuestionada sobre os R$ 3,5 milh\u00f5es que recebeu do fundo para financiar sua campanha atual \u2014 apesar de ter se declarado contra o recurso em 2024 \u2014, a pol\u00edtica argumentou que precisa seguir as regras vigentes para viabilizar viagens pelo interior do estado. Segundo ela, a inten\u00e7\u00e3o \u00e9 utilizar o pleito atual para chegar ao cargo e propor altera\u00e7\u00f5es na legisla\u00e7\u00e3o.<\/p>\n<h2>Mudan\u00e7as partid\u00e1rias e alian\u00e7as pol\u00edticas<\/h2>\n<p>\nDurante a entrevista, a candidata tamb\u00e9m esclareceu suas quatro trocas de legendas em pouco mais de um ano, passando por PMB, Podemos, Uni\u00e3o Brasil e PSD. Ela garantiu que seus princ\u00edpios permanecem inalterados e que as movimenta\u00e7\u00f5es ocorreram por exig\u00eancias do cen\u00e1rio pol\u00edtico e partid\u00e1rio.<\/p>\n<p>Sobre as cr\u00edticas anteriores feitas ao PSD durante a disputa pela Prefeitura de Curitiba em 2024, quando enfrentou o grupo apoiado pelo governador Ratinho Junior, Graeml justificou que o contexto mudou e que atualmente integra a base de apoio do governo estadual.<\/p>\n<h2>Debate sobre jornada de trabalho e STF<\/h2>\n<p>\nA postulante ao cargo de senadora comentou a proposta da escala 6&#215;1, avaliando que o debate precisa priorizar a redu\u00e7\u00e3o de impostos sobre a folha salarial antes de ampliar os dias de descanso, para evitar impactos negativos sobre os micro e pequenos empres\u00e1rios do estado.<\/p>\n<p>No que tange ao Poder Judici\u00e1rio, a candidata declarou apoio ao impeachment de ministros do Supremo Tribunal Federal (STF). Ela apontou falhas na fiscaliza\u00e7\u00e3o do Senado e classificou o atual momento pol\u00edtico como um cen\u00e1rio de exce\u00e7\u00e3o com epis\u00f3dios de censura.<\/p>\n<h2>Quest\u00f5es clim\u00e1ticas e pautas sociais<\/h2>\n<p>\nAo abordar os eventos clim\u00e1ticos extremos que atingem munic\u00edpios paranaenses, como tempestades e tornados, a representante do PSD defendeu investimentos em tecnologia de alerta, \u00f3rg\u00e3os p\u00fablicos fortalecidos e habita\u00e7\u00f5es mais seguras.<\/p>\n<p>Por fim, a candidata destacou pautas voltadas \u00e0s mulheres, enfatizando a necessidade de amplia\u00e7\u00e3o na oferta de creches para auxiliar m\u00e3es trabalhadoras, al\u00e9m de refor\u00e7ar cr\u00edticas \u00e0 atua\u00e7\u00e3o dos atuais senadores que representam o estado no Congresso Nacional.<\/p>\n<p>Por Reda\u00e7\u00e3o Acontece<\/p>\n<p>Manuella Mariani\/RPC<\/p>\n","protected":false},"excerpt":{"rendered":"<p>A candidata ao Senado pelo Paran\u00e1, Cristina Graeml (PSD), afirmou durante sabatina na TV que pretende lutar pelo fim do Fundo Eleitoral caso seja eleita nas pr\u00f3ximas elei\u00e7\u00f5es. Posicionamento sobre o uso de recursos p\u00fablicos Questionada sobre os R$ 3,5 milh\u00f5es que recebeu do fundo para financiar sua campanha atual \u2014 apesar de ter se [&hellip;]<\/p>\n","protected":false},"author":2,"featured_media":35361,"comment_status":"open","ping_status":"open","sticky":false,"template":"","format":"standard","meta":{"footnotes":""},"categories":[18],"tags":[],"class_list":["post-35344","post","type-post","status-publish","format-standard","has-post-thumbnail","hentry","category-parana"],"_links":{"self":[{"href":"https:\/\/acontecenafronteira.com.br\/index.php\/wp-json\/wp\/v2\/posts\/35344","targetHints":{"allow":["GET"]}}],"collection":[{"href":"https:\/\/acontecenafronteira.com.br\/index.php\/wp-json\/wp\/v2\/posts"}],"about":[{"href":"https:\/\/acontecenafronteira.com.br\/index.php\/wp-json\/wp\/v2\/types\/post"}],"author":[{"embeddable":true,"href":"https:\/\/acontecenafronteira.com.br\/index.php\/wp-json\/wp\/v2\/users\/2"}],"replies":[{"embeddable":true,"href":"https:\/\/acontecenafronteira.com.br\/index.php\/wp-json\/wp\/v2\/comments?post=35344"}],"version-history":[{"count":1,"href":"https:\/\/acontecenafronteira.com.br\/index.php\/wp-json\/wp\/v2\/posts\/35344\/revisions"}],"predecessor-version":[{"id":35360,"href":"https:\/\/acontecenafronteira.com.br\/index.php\/wp-json\/wp\/v2\/posts\/35344\/revisions\/35360"}],"wp:featuredmedia":[{"embeddable":true,"href":"https:\/\/acontecenafronteira.com.br\/index.php\/wp-json\/wp\/v2\/media\/35361"}],"wp:attachment":[{"href":"https:\/\/acontecenafronteira.com.br\/index.php\/wp-json\/wp\/v2\/media?parent=35344"}],"wp:term":[{"taxonomy":"category","embeddable":true,"href":"https:\/\/acontecenafronteira.com.br\/index.php\/wp-json\/wp\/v2\/categories?post=35344"},{"taxonomy":"post_tag","embeddable":true,"href":"https:\/\/acontecenafronteira.com.br\/index.php\/wp-json\/wp\/v2\/tags?post=35344"}],"curies":[{"name":"wp","href":"https:\/\/api.w.org\/{rel}","templated":true}]}}