{"id":35342,"date":"2026-09-04T19:18:17","date_gmt":"2026-09-04T22:18:17","guid":{"rendered":"https:\/\/acontecenafronteira.com.br\/?p=35342"},"modified":"2026-09-04T19:18:17","modified_gmt":"2026-09-04T22:18:17","slug":"homem-pega-47-anos-de-prisao-por-feminicidio-no-parana","status":"publish","type":"post","link":"https:\/\/acontecenafronteira.com.br\/index.php\/2026\/09\/04\/homem-pega-47-anos-de-prisao-por-feminicidio-no-parana\/","title":{"rendered":"Homem pega 47 anos de pris\u00e3o por feminic\u00eddio no Paran\u00e1"},"content":{"rendered":"<p>Um crime b\u00e1rbaro que chocou o Norte do estado teve desfecho na justi\u00e7a com uma pena severa de quase meio s\u00e9culo de reclus\u00e3o para o autor.<\/p>\n<h2>Condena\u00e7\u00e3o por feminic\u00eddio qualificado<\/h2>\n<p>\u00c9der da Silva, de 42 anos, recebeu uma senten\u00e7a de 47 anos e 7 meses de pris\u00e3o pelo assassinato de sua companheira, Daniela Arduini, de 48 anos. O julgamento ocorreu na quinta-feira (3), quando o Tribunal do J\u00fari acatou a den\u00fancia do Minist\u00e9rio P\u00fablico do Paran\u00e1 (MPPR).<\/p>\n<p>O r\u00e9u foi considerado culpado pelo crime de <strong>feminic\u00eddio qualificado<\/strong> devido ao emprego de meio cruel. Al\u00e9m da longa pena em regime fechado, a justi\u00e7a determinou o pagamento de uma indeniza\u00e7\u00e3o no valor de R$ 50 mil aos familiares da v\u00edtima. A defesa do condenado ainda tem o direito de recorrer da senten\u00e7a.<\/p>\n<h2>Detalhes da investiga\u00e7\u00e3o e a pista crucial<\/h2>\n<p>O assassinato ocorreu em agosto de 2025, na resid\u00eancia da v\u00edtima localizada no munic\u00edpio de Pai\u00e7andu. O corpo de Daniela foi descoberto por sua pr\u00f3pria filha, apresentando graves les\u00f5es na regi\u00e3o da cabe\u00e7a. Testemunhas relataram ter escutado discuss\u00f5es intensas entre o casal horas antes da trag\u00e9dia, e um homem foi visto deixando o local logo em seguida.<\/p>\n<p>A resolu\u00e7\u00e3o do caso avan\u00e7ou rapidamente gra\u00e7as \u00e0 per\u00edcia t\u00e9cnica. Uma <strong>pegada ensanguentada<\/strong> deixada no piso do im\u00f3vel foi fundamental para que a Pol\u00edcia Cient\u00edfica do Paran\u00e1 (PCIPR) rastreasse e identificasse o suspeito do homic\u00eddio.<\/p>\n<h2>Pris\u00e3o e evid\u00eancias do crime<\/h2>\n<p>Menos de 24 horas ap\u00f3s o feminic\u00eddio, as for\u00e7as de seguran\u00e7a localizaram \u00c9der da Silva em um estabelecimento comercial na cidade de Maring\u00e1. Durante a abordagem, os policiais constataram que ele utilizava um cal\u00e7ado compat\u00edvel com a marca da pegada encontrada na cena do crime, al\u00e9m de apresentar vest\u00edgios de sangue tanto na bota quanto em suas vestimentas.<\/p>\n<p>O caso refor\u00e7a o combate rigoroso aos crimes de viol\u00eancia de g\u00eanero na regi\u00e3o norte-paranaense, garantindo que o respons\u00e1vel responda judicialmente pelos atos cometidos.<\/p>\n<p>Por Reda\u00e7\u00e3o Acontece<\/p>\n<p>Cr\u00e9ditos da imagem: PM-PR<\/p>\n","protected":false},"excerpt":{"rendered":"<p>Um crime b\u00e1rbaro que chocou o Norte do estado teve desfecho na justi\u00e7a com uma pena severa de quase meio s\u00e9culo de reclus\u00e3o para o autor. Condena\u00e7\u00e3o por feminic\u00eddio qualificado \u00c9der da Silva, de 42 anos, recebeu uma senten\u00e7a de 47 anos e 7 meses de pris\u00e3o pelo assassinato de sua companheira, Daniela Arduini, de [&hellip;]<\/p>\n","protected":false},"author":2,"featured_media":35357,"comment_status":"open","ping_status":"open","sticky":false,"template":"","format":"standard","meta":{"footnotes":""},"categories":[18],"tags":[],"class_list":["post-35342","post","type-post","status-publish","format-standard","has-post-thumbnail","hentry","category-parana"],"_links":{"self":[{"href":"https:\/\/acontecenafronteira.com.br\/index.php\/wp-json\/wp\/v2\/posts\/35342","targetHints":{"allow":["GET"]}}],"collection":[{"href":"https:\/\/acontecenafronteira.com.br\/index.php\/wp-json\/wp\/v2\/posts"}],"about":[{"href":"https:\/\/acontecenafronteira.com.br\/index.php\/wp-json\/wp\/v2\/types\/post"}],"author":[{"embeddable":true,"href":"https:\/\/acontecenafronteira.com.br\/index.php\/wp-json\/wp\/v2\/users\/2"}],"replies":[{"embeddable":true,"href":"https:\/\/acontecenafronteira.com.br\/index.php\/wp-json\/wp\/v2\/comments?post=35342"}],"version-history":[{"count":1,"href":"https:\/\/acontecenafronteira.com.br\/index.php\/wp-json\/wp\/v2\/posts\/35342\/revisions"}],"predecessor-version":[{"id":35356,"href":"https:\/\/acontecenafronteira.com.br\/index.php\/wp-json\/wp\/v2\/posts\/35342\/revisions\/35356"}],"wp:featuredmedia":[{"embeddable":true,"href":"https:\/\/acontecenafronteira.com.br\/index.php\/wp-json\/wp\/v2\/media\/35357"}],"wp:attachment":[{"href":"https:\/\/acontecenafronteira.com.br\/index.php\/wp-json\/wp\/v2\/media?parent=35342"}],"wp:term":[{"taxonomy":"category","embeddable":true,"href":"https:\/\/acontecenafronteira.com.br\/index.php\/wp-json\/wp\/v2\/categories?post=35342"},{"taxonomy":"post_tag","embeddable":true,"href":"https:\/\/acontecenafronteira.com.br\/index.php\/wp-json\/wp\/v2\/tags?post=35342"}],"curies":[{"name":"wp","href":"https:\/\/api.w.org\/{rel}","templated":true}]}}