{"id":35332,"date":"2026-09-04T18:37:40","date_gmt":"2026-09-04T21:37:40","guid":{"rendered":"https:\/\/acontecenafronteira.com.br\/?p=35332"},"modified":"2026-09-04T18:37:40","modified_gmt":"2026-09-04T21:37:40","slug":"candidatos-ao-senado-por-sp-divergem-sobre-crise-e-moraes","status":"publish","type":"post","link":"https:\/\/acontecenafronteira.com.br\/index.php\/2026\/09\/04\/candidatos-ao-senado-por-sp-divergem-sobre-crise-e-moraes\/","title":{"rendered":"Candidatos ao Senado por SP divergem sobre crise e Moraes"},"content":{"rendered":"<p>As recentes revela\u00e7\u00f5es sobre a suposta rela\u00e7\u00e3o entre o ministro Alexandre de Moraes, do Supremo Tribunal Federal, e o banqueiro Daniel Vorcaro geraram forte repercuss\u00e3o pol\u00edtica entre os candidatos ao Senado por S\u00e3o Paulo, dividindo opini\u00f5es sobre o futuro da Corte e a condu\u00e7\u00e3o das investiga\u00e7\u00f5es.<\/p>\n<h2>Posicionamentos da base governista<\/h2>\n<p>Marina Silva e Simone Tebet, que contam com o apoio do presidente Luiz In\u00e1cio Lula da Silva, manifestaram perplexidade diante das informa\u00e7\u00f5es divulgadas e cobraram rigor na apura\u00e7\u00e3o dos fatos, exigindo total transpar\u00eancia das autoridades competentes.<\/p>\n<p>Marina classificou o epis\u00f3dio como grav\u00edssimo e defendeu o afastamento tempor\u00e1rio de Moraes para preservar a credibilidade do Supremo. A ex-ministra tamb\u00e9m questionou a manuten\u00e7\u00e3o do sigilo em outras frentes de investiga\u00e7\u00e3o conduzidas na Corte, citando o caso do financiamento de um filme sobre Jair Bolsonaro envolvendo o mesmo banqueiro.<\/p>\n<p>Por sua vez, Simone Tebet declarou estar indignada com o teor das mensagens e sugeriu que o plen\u00e1rio do STF autorize formalmente uma investiga\u00e7\u00e3o para que o magistrado possa se defender adequadamente perante a sociedade, cobrando igualdade na aplica\u00e7\u00e3o da lei para todos os investigados.<\/p>\n<h2>Rea\u00e7\u00f5es da oposi\u00e7\u00e3o e pedidos de impeachment<\/h2>\n<p>Em contrapartida, os postulantes de direita aproveitaram o momento para intensificar as cobran\u00e7as por medidas dr\u00e1sticas contra magistrados da mais alta Corte do pa\u00eds, voltando as aten\u00e7\u00f5es para a atua\u00e7\u00e3o do Legislativo.<\/p>\n<p>Andr\u00e9 do Prado afirmou que o ministro n\u00e3o possui mais condi\u00e7\u00f5es de permanecer no cargo e garantiu que votar\u00e1 a favor de processos de impedimento caso seja eleito, criticando tamb\u00e9m supostos contatos do banqueiro com outras autoridades da Rep\u00fablica.<\/p>\n<p>No mesmo sentido, Guilherme Derrite e Ricardo Salles cobraram uma postura mais firme do presidente do Senado, Davi Alcolumbre, argumentando que a c\u00fapula da Casa legislativa precisa dar andamento aos pedidos de investiga\u00e7\u00e3o protocolados contra ministros do Supremo Tribunal Federal.<\/p>\n<p>Enquanto a ala governista prega cautela para evitar a deslegitima\u00e7\u00e3o das institui\u00e7\u00f5es democr\u00e1ticas, a oposi\u00e7\u00e3o aposta na pauta do impeachment como bandeira central da campanha ao Senado em S\u00e3o Paulo.<\/p>\n<p>Por Reda\u00e7\u00e3o Acontece<\/p>\n<p>Reprodu\u00e7\u00e3o \/ Redes Sociais<\/p>\n","protected":false},"excerpt":{"rendered":"<p>As recentes revela\u00e7\u00f5es sobre a suposta rela\u00e7\u00e3o entre o ministro Alexandre de Moraes, do Supremo Tribunal Federal, e o banqueiro Daniel Vorcaro geraram forte repercuss\u00e3o pol\u00edtica entre os candidatos ao Senado por S\u00e3o Paulo, dividindo opini\u00f5es sobre o futuro da Corte e a condu\u00e7\u00e3o das investiga\u00e7\u00f5es. Posicionamentos da base governista Marina Silva e Simone Tebet, [&hellip;]<\/p>\n","protected":false},"author":0,"featured_media":35339,"comment_status":"open","ping_status":"open","sticky":false,"template":"","format":"standard","meta":{"footnotes":""},"categories":[6],"tags":[],"class_list":["post-35332","post","type-post","status-publish","format-standard","has-post-thumbnail","hentry","category-mercosul"],"_links":{"self":[{"href":"https:\/\/acontecenafronteira.com.br\/index.php\/wp-json\/wp\/v2\/posts\/35332","targetHints":{"allow":["GET"]}}],"collection":[{"href":"https:\/\/acontecenafronteira.com.br\/index.php\/wp-json\/wp\/v2\/posts"}],"about":[{"href":"https:\/\/acontecenafronteira.com.br\/index.php\/wp-json\/wp\/v2\/types\/post"}],"replies":[{"embeddable":true,"href":"https:\/\/acontecenafronteira.com.br\/index.php\/wp-json\/wp\/v2\/comments?post=35332"}],"version-history":[{"count":1,"href":"https:\/\/acontecenafronteira.com.br\/index.php\/wp-json\/wp\/v2\/posts\/35332\/revisions"}],"predecessor-version":[{"id":35338,"href":"https:\/\/acontecenafronteira.com.br\/index.php\/wp-json\/wp\/v2\/posts\/35332\/revisions\/35338"}],"wp:featuredmedia":[{"embeddable":true,"href":"https:\/\/acontecenafronteira.com.br\/index.php\/wp-json\/wp\/v2\/media\/35339"}],"wp:attachment":[{"href":"https:\/\/acontecenafronteira.com.br\/index.php\/wp-json\/wp\/v2\/media?parent=35332"}],"wp:term":[{"taxonomy":"category","embeddable":true,"href":"https:\/\/acontecenafronteira.com.br\/index.php\/wp-json\/wp\/v2\/categories?post=35332"},{"taxonomy":"post_tag","embeddable":true,"href":"https:\/\/acontecenafronteira.com.br\/index.php\/wp-json\/wp\/v2\/tags?post=35332"}],"curies":[{"name":"wp","href":"https:\/\/api.w.org\/{rel}","templated":true}]}}