{"id":35331,"date":"2026-09-04T18:37:36","date_gmt":"2026-09-04T21:37:36","guid":{"rendered":"https:\/\/acontecenafronteira.com.br\/?p=35331"},"modified":"2026-09-04T18:37:36","modified_gmt":"2026-09-04T21:37:36","slug":"psdb-repassa-r-11-milhao-para-campanha-de-paula-belmonte","status":"publish","type":"post","link":"https:\/\/acontecenafronteira.com.br\/index.php\/2026\/09\/04\/psdb-repassa-r-11-milhao-para-campanha-de-paula-belmonte\/","title":{"rendered":"PSDB repassa R$ 1,1 milh\u00e3o para campanha de Paula Belmonte"},"content":{"rendered":"<p>A corrida eleitoral no Distrito Federal ganhou um novo impulso financeiro com o repasse de R$ 1,1 milh\u00e3o do diret\u00f3rio nacional do PSDB para a campanha da deputada distrital Paula Belmonte, que disputa o Pal\u00e1cio do Buriti.<\/p>\n<h2>Detalhes do repasse financeiro<\/h2>\n<p>A quantia milion\u00e1ria foi transferida por meio de uma opera\u00e7\u00e3o via Pix, conforme consta na presta\u00e7\u00e3o de contas oficial enviada ao Tribunal Superior Eleitoral. O registro indica que os recursos ingressaram na conta da candidata no dia 27 de agosto.<\/p>\n<h2>Primeiro aporte da legenda<\/h2>\n<p>Esta movimenta\u00e7\u00e3o financeira representa o primeiro repasse oficial realizado pela c\u00fapula nacional tucana para apoiar a candidatura de Paula Belmonte ao governo estadual.<\/p>\n<h2>Panorama da disputa no Distrito Federal<\/h2>\n<p>Outros nomes que concorrem ao comando do Executivo local tamb\u00e9m t\u00eam recebido verbas de suas respectivas legendas para impulsionar suas candidaturas.<\/p>\n<p>Entre os candidatos que j\u00e1 contabilizaram doa\u00e7\u00f5es partid\u00e1rias est\u00e3o Celina Le\u00e3o, Leandro Grass e Professor Robson, al\u00e9m de Jos\u00e9 Roberto Arruda, cuja candidatura enfrentou indecis\u00e3o na Justi\u00e7a Eleitoral ap\u00f3s ter o registro rejeitado pelo tribunal regional.<\/p>\n<p>O refor\u00e7o no or\u00e7amento de campanha altera a din\u00e2mica financeira da disputa e intensifica a movimenta\u00e7\u00e3o dos partidos na reta decisiva do pleito no DF.<\/p>\n<p>Por Reda\u00e7\u00e3o Acontece<\/p>\n<p>Cr\u00e9ditos da imagem: Divulga\u00e7\u00e3o\/Campanha<\/p>\n","protected":false},"excerpt":{"rendered":"<p>A corrida eleitoral no Distrito Federal ganhou um novo impulso financeiro com o repasse de R$ 1,1 milh\u00e3o do diret\u00f3rio nacional do PSDB para a campanha da deputada distrital Paula Belmonte, que disputa o Pal\u00e1cio do Buriti. Detalhes do repasse financeiro A quantia milion\u00e1ria foi transferida por meio de uma opera\u00e7\u00e3o via Pix, conforme consta [&hellip;]<\/p>\n","protected":false},"author":0,"featured_media":35337,"comment_status":"open","ping_status":"open","sticky":false,"template":"","format":"standard","meta":{"footnotes":""},"categories":[6],"tags":[],"class_list":["post-35331","post","type-post","status-publish","format-standard","has-post-thumbnail","hentry","category-mercosul"],"_links":{"self":[{"href":"https:\/\/acontecenafronteira.com.br\/index.php\/wp-json\/wp\/v2\/posts\/35331","targetHints":{"allow":["GET"]}}],"collection":[{"href":"https:\/\/acontecenafronteira.com.br\/index.php\/wp-json\/wp\/v2\/posts"}],"about":[{"href":"https:\/\/acontecenafronteira.com.br\/index.php\/wp-json\/wp\/v2\/types\/post"}],"replies":[{"embeddable":true,"href":"https:\/\/acontecenafronteira.com.br\/index.php\/wp-json\/wp\/v2\/comments?post=35331"}],"version-history":[{"count":1,"href":"https:\/\/acontecenafronteira.com.br\/index.php\/wp-json\/wp\/v2\/posts\/35331\/revisions"}],"predecessor-version":[{"id":35336,"href":"https:\/\/acontecenafronteira.com.br\/index.php\/wp-json\/wp\/v2\/posts\/35331\/revisions\/35336"}],"wp:featuredmedia":[{"embeddable":true,"href":"https:\/\/acontecenafronteira.com.br\/index.php\/wp-json\/wp\/v2\/media\/35337"}],"wp:attachment":[{"href":"https:\/\/acontecenafronteira.com.br\/index.php\/wp-json\/wp\/v2\/media?parent=35331"}],"wp:term":[{"taxonomy":"category","embeddable":true,"href":"https:\/\/acontecenafronteira.com.br\/index.php\/wp-json\/wp\/v2\/categories?post=35331"},{"taxonomy":"post_tag","embeddable":true,"href":"https:\/\/acontecenafronteira.com.br\/index.php\/wp-json\/wp\/v2\/tags?post=35331"}],"curies":[{"name":"wp","href":"https:\/\/api.w.org\/{rel}","templated":true}]}}