{"id":35330,"date":"2026-09-04T18:37:32","date_gmt":"2026-09-04T21:37:32","guid":{"rendered":"https:\/\/acontecenafronteira.com.br\/?p=35330"},"modified":"2026-09-04T18:37:32","modified_gmt":"2026-09-04T21:37:32","slug":"deputado-do-pt-processa-nikolas-ferreira-por-laudo-falso-da-pf","status":"publish","type":"post","link":"https:\/\/acontecenafronteira.com.br\/index.php\/2026\/09\/04\/deputado-do-pt-processa-nikolas-ferreira-por-laudo-falso-da-pf\/","title":{"rendered":"Deputado do PT processa Nikolas Ferreira por laudo falso da PF"},"content":{"rendered":"<p>O deputado federal Reimont (PT-RJ) protocolou nesta sexta-feira (4\/9) uma representa\u00e7\u00e3o no Minist\u00e9rio P\u00fablico Eleitoral contra o deputado federal Nikolas Ferreira (PL-MG). O motivo foi a dissemina\u00e7\u00e3o de um laudo ap\u00f3crifo falsamente atribu\u00eddo \u00e0 Pol\u00edcia Federal nas redes sociais.<\/p>\n<h2>Investiga\u00e7\u00e3o sobre a origem da desinforma\u00e7\u00e3o<\/h2>\n<p>Na peti\u00e7\u00e3o, o parlamentar carioca exige que o MPE ordene \u00e0 corpora\u00e7\u00e3o policial a abertura de um inqu\u00e9rito rigoroso. O objetivo \u00e9 rastrear a origem da fraude, identificar os respons\u00e1veis pela cria\u00e7\u00e3o e financiamento do material falso, al\u00e9m de mapear a rede de compartilhamento.<\/p>\n<p>O documento ap\u00f3crifo tentava atestar que trocas de mensagens entre Nikolas Ferreira e Daniel Vorcaro tratavam apenas de assuntos profissionais e pessoais, descartando ind\u00edcios de crimes ou necessidade de investiga\u00e7\u00f5es contra o parlamentar mineiro.<\/p>\n<h2>Posicionamento da Pol\u00edcia Federal e da defesa<\/h2>\n<p>A corpora\u00e7\u00e3o policial desmentiu oficialmente a autenticidade do arquivo, apontando falhas grosseiras em elementos gr\u00e1ficos, datas e transcri\u00e7\u00f5es que divergem dos padr\u00f5es oficiais emitidos pelo \u00f3rg\u00e3o de seguran\u00e7a p\u00fablica.<\/p>\n<p>Por sua vez, a assessoria de imprensa do deputado aliado do PL declarou que o material foi recebido de terceiros e republicado sem o conhecimento de que se tratava de uma farsa, acrescentando que a postagem foi apagada assim que o erro foi percebido. Em grava\u00e7\u00f5es divulgadas anteriormente, o parlamentar negou qualquer recebimento de recursos de Vorcaro e refutou irregularidades.<\/p>\n<p>O caso agora segue sob an\u00e1lise das autoridades eleitorais para verificar se houve impacto na lisura e na normalidade do pleito com o uso do conte\u00fado enganoso.<\/p>\n<p>Por Reda\u00e7\u00e3o Acontece<\/p>\n<p>Cr\u00e9ditos da imagem: Reprodu\u00e7\u00e3o<\/p>\n","protected":false},"excerpt":{"rendered":"<p>O deputado federal Reimont (PT-RJ) protocolou nesta sexta-feira (4\/9) uma representa\u00e7\u00e3o no Minist\u00e9rio P\u00fablico Eleitoral contra o deputado federal Nikolas Ferreira (PL-MG). O motivo foi a dissemina\u00e7\u00e3o de um laudo ap\u00f3crifo falsamente atribu\u00eddo \u00e0 Pol\u00edcia Federal nas redes sociais. Investiga\u00e7\u00e3o sobre a origem da desinforma\u00e7\u00e3o Na peti\u00e7\u00e3o, o parlamentar carioca exige que o MPE ordene [&hellip;]<\/p>\n","protected":false},"author":0,"featured_media":35335,"comment_status":"open","ping_status":"open","sticky":false,"template":"","format":"standard","meta":{"footnotes":""},"categories":[6],"tags":[],"class_list":["post-35330","post","type-post","status-publish","format-standard","has-post-thumbnail","hentry","category-mercosul"],"_links":{"self":[{"href":"https:\/\/acontecenafronteira.com.br\/index.php\/wp-json\/wp\/v2\/posts\/35330","targetHints":{"allow":["GET"]}}],"collection":[{"href":"https:\/\/acontecenafronteira.com.br\/index.php\/wp-json\/wp\/v2\/posts"}],"about":[{"href":"https:\/\/acontecenafronteira.com.br\/index.php\/wp-json\/wp\/v2\/types\/post"}],"replies":[{"embeddable":true,"href":"https:\/\/acontecenafronteira.com.br\/index.php\/wp-json\/wp\/v2\/comments?post=35330"}],"version-history":[{"count":1,"href":"https:\/\/acontecenafronteira.com.br\/index.php\/wp-json\/wp\/v2\/posts\/35330\/revisions"}],"predecessor-version":[{"id":35334,"href":"https:\/\/acontecenafronteira.com.br\/index.php\/wp-json\/wp\/v2\/posts\/35330\/revisions\/35334"}],"wp:featuredmedia":[{"embeddable":true,"href":"https:\/\/acontecenafronteira.com.br\/index.php\/wp-json\/wp\/v2\/media\/35335"}],"wp:attachment":[{"href":"https:\/\/acontecenafronteira.com.br\/index.php\/wp-json\/wp\/v2\/media?parent=35330"}],"wp:term":[{"taxonomy":"category","embeddable":true,"href":"https:\/\/acontecenafronteira.com.br\/index.php\/wp-json\/wp\/v2\/categories?post=35330"},{"taxonomy":"post_tag","embeddable":true,"href":"https:\/\/acontecenafronteira.com.br\/index.php\/wp-json\/wp\/v2\/tags?post=35330"}],"curies":[{"name":"wp","href":"https:\/\/api.w.org\/{rel}","templated":true}]}}