{"id":35320,"date":"2026-09-04T18:37:21","date_gmt":"2026-09-04T21:37:21","guid":{"rendered":"https:\/\/acontecenafronteira.com.br\/?p=35320"},"modified":"2026-09-04T18:37:21","modified_gmt":"2026-09-04T21:37:21","slug":"relatorio-secreto-da-pf-sugere-monitorar-ministros-do-stf","status":"publish","type":"post","link":"https:\/\/acontecenafronteira.com.br\/index.php\/2026\/09\/04\/relatorio-secreto-da-pf-sugere-monitorar-ministros-do-stf\/","title":{"rendered":"Relat\u00f3rio secreto da PF sugere monitorar ministros do STF"},"content":{"rendered":"<p>Um documento n\u00e3o oficial produzido no \u00e2mbito da Pol\u00edcia Federal e solicitado pelo ministro Alexandre de Moraes prop\u00f5e a vigil\u00e2ncia direcionada do ministro Andr\u00e9 Mendon\u00e7a e do advogado-geral da Uni\u00e3o, Jorge Messias.<\/p>\n<h2>Contexto da investiga\u00e7\u00e3o<\/h2>\n<p>O material surgiu como uma resposta a uma representa\u00e7\u00e3o apresentada por Mendon\u00e7a contra Moraes. A instru\u00e7\u00e3o visa mapear os riscos institucionais decorrentes da proximidade entre os dois integrantes do alto escal\u00e3o do governo e do judici\u00e1rio.<\/p>\n<h2>An\u00e1lise de cen\u00e1rio e riscos<\/h2>\n<p>A recomenda\u00e7\u00e3o expl\u00edcita de vigil\u00e2ncia est\u00e1 inserida nas conclus\u00f5es de um dossi\u00ea batizado de postura da Advocacia-Geral da Uni\u00e3o e o quadro de risco associado. O texto detalha as supostas amea\u00e7as que a atua\u00e7\u00e3o conjunta dessas autoridades representaria para a corpora\u00e7\u00e3o policial.<\/p>\n<p>As informa\u00e7\u00f5es revelam os bastidores das tens\u00f5es entre figuras centrais da pol\u00edtica e da justi\u00e7a brasileira, evidenciando o uso de relat\u00f3rios de intelig\u00eancia em disputas de poder.<\/p>\n<p>Por Reda\u00e7\u00e3o Acontece<\/p>\n<p>Cr\u00e9ditos da imagem: Divulga\u00e7\u00e3o \/ Ag\u00eancia Brasil<\/p>\n","protected":false},"excerpt":{"rendered":"<p>Um documento n\u00e3o oficial produzido no \u00e2mbito da Pol\u00edcia Federal e solicitado pelo ministro Alexandre de Moraes prop\u00f5e a vigil\u00e2ncia direcionada do ministro Andr\u00e9 Mendon\u00e7a e do advogado-geral da Uni\u00e3o, Jorge Messias. Contexto da investiga\u00e7\u00e3o O material surgiu como uma resposta a uma representa\u00e7\u00e3o apresentada por Mendon\u00e7a contra Moraes. A instru\u00e7\u00e3o visa mapear os riscos [&hellip;]<\/p>\n","protected":false},"author":0,"featured_media":35327,"comment_status":"open","ping_status":"open","sticky":false,"template":"","format":"standard","meta":{"footnotes":""},"categories":[28],"tags":[],"class_list":["post-35320","post","type-post","status-publish","format-standard","has-post-thumbnail","hentry","category-mundo"],"_links":{"self":[{"href":"https:\/\/acontecenafronteira.com.br\/index.php\/wp-json\/wp\/v2\/posts\/35320","targetHints":{"allow":["GET"]}}],"collection":[{"href":"https:\/\/acontecenafronteira.com.br\/index.php\/wp-json\/wp\/v2\/posts"}],"about":[{"href":"https:\/\/acontecenafronteira.com.br\/index.php\/wp-json\/wp\/v2\/types\/post"}],"replies":[{"embeddable":true,"href":"https:\/\/acontecenafronteira.com.br\/index.php\/wp-json\/wp\/v2\/comments?post=35320"}],"version-history":[{"count":1,"href":"https:\/\/acontecenafronteira.com.br\/index.php\/wp-json\/wp\/v2\/posts\/35320\/revisions"}],"predecessor-version":[{"id":35326,"href":"https:\/\/acontecenafronteira.com.br\/index.php\/wp-json\/wp\/v2\/posts\/35320\/revisions\/35326"}],"wp:featuredmedia":[{"embeddable":true,"href":"https:\/\/acontecenafronteira.com.br\/index.php\/wp-json\/wp\/v2\/media\/35327"}],"wp:attachment":[{"href":"https:\/\/acontecenafronteira.com.br\/index.php\/wp-json\/wp\/v2\/media?parent=35320"}],"wp:term":[{"taxonomy":"category","embeddable":true,"href":"https:\/\/acontecenafronteira.com.br\/index.php\/wp-json\/wp\/v2\/categories?post=35320"},{"taxonomy":"post_tag","embeddable":true,"href":"https:\/\/acontecenafronteira.com.br\/index.php\/wp-json\/wp\/v2\/tags?post=35320"}],"curies":[{"name":"wp","href":"https:\/\/api.w.org\/{rel}","templated":true}]}}