{"id":35319,"date":"2026-09-04T18:37:15","date_gmt":"2026-09-04T21:37:15","guid":{"rendered":"https:\/\/acontecenafronteira.com.br\/?p=35319"},"modified":"2026-09-04T18:37:15","modified_gmt":"2026-09-04T21:37:15","slug":"nova-twins-estreia-no-palco-mundo-do-rock-in-rio-com-som-pesado","status":"publish","type":"post","link":"https:\/\/acontecenafronteira.com.br\/index.php\/2026\/09\/04\/nova-twins-estreia-no-palco-mundo-do-rock-in-rio-com-som-pesado\/","title":{"rendered":"Nova Twins estreia no Palco Mundo do Rock in Rio com som pesado"},"content":{"rendered":"<p>A dupla inglesa <b>Nova Twins<\/b> surpreendeu o p\u00fablico logo nos primeiros instantes de sua apresenta\u00e7\u00e3o na abertura do <b>Palco Mundo<\/b>, na tarde de sexta-feira, trazendo uma est\u00e9tica visual inspirada nas bonecas Bratz e um volume impressionante com a faixa &#8220;Antagonist&#8221;.<\/p>\n<h2>A mistura sonora que marcou o festival<\/h2>\n<p>Logo na sequ\u00eancia, a vocalista Amy Love trocou a guitarra pelo microfone para rimar em &#8220;Cleopatra&#8221;, combinando influ\u00eancias de <b>Pussycat Dolls<\/b> e <b>Rage Against The Machine<\/b>, enquanto a baixista Georgia South conduzia o ritmo com efeitos intensos.<\/p>\n<p>O repert\u00f3rio seguiu com faixas como &#8220;Taxi&#8221; e &#8220;Soprano&#8221;, levantando d\u00favidas na plateia sobre qual r\u00f3tulo definiria o som: heavy metal mutante, R&amp;B com pegada punk ou pop apocal\u00edptico.<\/p>\n<h2>Energia pura e peso no palco principal<\/h2>\n<p>A for\u00e7a da banda ficou evidente no peso de &#8220;Parallel Universe&#8221; e na contagiante &#8220;N.O.V.A.&#8221;, comandada por Amy novamente na guitarra, acompanhadas por um baterista de peso que garantiu a pot\u00eancia da apresenta\u00e7\u00e3o.<\/p>\n<p>Em &#8220;Drip&#8221; e &#8220;Choose your fighter&#8221;, a intera\u00e7\u00e3o com a plateia atingiu o \u00e1pice com solos marcantes e descidas da baixista em dire\u00e7\u00e3o aos f\u00e3s presentes.<\/p>\n<p>O encerramento veio com o sucesso &#8220;Monsters&#8221; e os vocais oper\u00edsticos de &#8220;Glory&#8221;, coroando uma hora de show que resgatou a ess\u00eancia das apresenta\u00e7\u00f5es ao vivo com muita energia e inova\u00e7\u00e3o.<\/p>\n<p>Por Reda\u00e7\u00e3o Acontece<\/p>\n<p>Fabiano Rocha \/ Ag\u00eancia O Globo<\/p>\n","protected":false},"excerpt":{"rendered":"<p>A dupla inglesa Nova Twins surpreendeu o p\u00fablico logo nos primeiros instantes de sua apresenta\u00e7\u00e3o na abertura do Palco Mundo, na tarde de sexta-feira, trazendo uma est\u00e9tica visual inspirada nas bonecas Bratz e um volume impressionante com a faixa &#8220;Antagonist&#8221;. A mistura sonora que marcou o festival Logo na sequ\u00eancia, a vocalista Amy Love trocou [&hellip;]<\/p>\n","protected":false},"author":0,"featured_media":35325,"comment_status":"open","ping_status":"open","sticky":false,"template":"","format":"standard","meta":{"footnotes":""},"categories":[28],"tags":[],"class_list":["post-35319","post","type-post","status-publish","format-standard","has-post-thumbnail","hentry","category-mundo"],"_links":{"self":[{"href":"https:\/\/acontecenafronteira.com.br\/index.php\/wp-json\/wp\/v2\/posts\/35319","targetHints":{"allow":["GET"]}}],"collection":[{"href":"https:\/\/acontecenafronteira.com.br\/index.php\/wp-json\/wp\/v2\/posts"}],"about":[{"href":"https:\/\/acontecenafronteira.com.br\/index.php\/wp-json\/wp\/v2\/types\/post"}],"replies":[{"embeddable":true,"href":"https:\/\/acontecenafronteira.com.br\/index.php\/wp-json\/wp\/v2\/comments?post=35319"}],"version-history":[{"count":1,"href":"https:\/\/acontecenafronteira.com.br\/index.php\/wp-json\/wp\/v2\/posts\/35319\/revisions"}],"predecessor-version":[{"id":35324,"href":"https:\/\/acontecenafronteira.com.br\/index.php\/wp-json\/wp\/v2\/posts\/35319\/revisions\/35324"}],"wp:featuredmedia":[{"embeddable":true,"href":"https:\/\/acontecenafronteira.com.br\/index.php\/wp-json\/wp\/v2\/media\/35325"}],"wp:attachment":[{"href":"https:\/\/acontecenafronteira.com.br\/index.php\/wp-json\/wp\/v2\/media?parent=35319"}],"wp:term":[{"taxonomy":"category","embeddable":true,"href":"https:\/\/acontecenafronteira.com.br\/index.php\/wp-json\/wp\/v2\/categories?post=35319"},{"taxonomy":"post_tag","embeddable":true,"href":"https:\/\/acontecenafronteira.com.br\/index.php\/wp-json\/wp\/v2\/tags?post=35319"}],"curies":[{"name":"wp","href":"https:\/\/api.w.org\/{rel}","templated":true}]}}