{"id":35309,"date":"2026-09-04T18:36:57","date_gmt":"2026-09-04T21:36:57","guid":{"rendered":"https:\/\/acontecenafronteira.com.br\/?p=35309"},"modified":"2026-09-04T18:36:57","modified_gmt":"2026-09-04T21:36:57","slug":"governo-do-pr-defende-contratos-de-publicidade-sob-suspeita","status":"publish","type":"post","link":"https:\/\/acontecenafronteira.com.br\/index.php\/2026\/09\/04\/governo-do-pr-defende-contratos-de-publicidade-sob-suspeita\/","title":{"rendered":"Governo do PR defende contratos de publicidade sob suspeita"},"content":{"rendered":"<p>A Secretaria de Comunica\u00e7\u00e3o Social do Paran\u00e1 veio a p\u00fablico para rebater os questionamentos acerca de acordos publicit\u00e1rios que ultrapassam a marca de 6,3 milh\u00f5es de reais.<\/p>\n<h2>A defesa oficial da pasta estadual<\/h2>\n<p>Em nota oficial, o \u00f3rg\u00e3o governamental sustentou a legalidade dos repasses direcionados \u00e0 ag\u00eancia ligada a Caio Gottlieb. A gest\u00e3o estadual argumentou que todo o processo seguiu rigorosamente os tr\u00e2mites legais exigidos para contrata\u00e7\u00f5es p\u00fablicas na \u00e1rea de m\u00eddia.<\/p>\n<h2>Pontos sem esclarecimento<\/h2>\n<p>Apesar da manifesta\u00e7\u00e3o formal da administra\u00e7\u00e3o p\u00fablica, diversos questionamentos fundamentais continuam sem respostas claras. Especialistas em controle de gastos p\u00fablicos apontam que faltam transpar\u00eancias em etapas cruciais da execu\u00e7\u00e3o desses servi\u00e7os contratados.<\/p>\n<h2>O papel dos \u00f3rg\u00e3os de controle<\/h2>\n<p>O caso ganhou repercuss\u00e3o ap\u00f3s representa\u00e7\u00f5es formais chegarem ao Tribunal de Contas do Estado do Paran\u00e1. Os documentos protocolados apontam supostas irregularidades e exigem uma auditoria profunda nos montantes milion\u00e1rios envolvidos nas campanhas institucionais.<\/p>\n<p>Enquanto o tribunal analisa os dados e decide os pr\u00f3ximos passos da investiga\u00e7\u00e3o, a press\u00e3o pol\u00edtica sobre a transpar\u00eancia dos gastos com propaganda institucional tende a aumentar nos bastidores da pol\u00edtica paranaense.<\/p>\n<p>Por Reda\u00e7\u00e3o Acontece<\/p>\n<p>Cr\u00e9ditos da imagem: Divulga\u00e7\u00e3o\/Governo do PR<\/p>\n","protected":false},"excerpt":{"rendered":"<p>A Secretaria de Comunica\u00e7\u00e3o Social do Paran\u00e1 veio a p\u00fablico para rebater os questionamentos acerca de acordos publicit\u00e1rios que ultrapassam a marca de 6,3 milh\u00f5es de reais. A defesa oficial da pasta estadual Em nota oficial, o \u00f3rg\u00e3o governamental sustentou a legalidade dos repasses direcionados \u00e0 ag\u00eancia ligada a Caio Gottlieb. A gest\u00e3o estadual argumentou [&hellip;]<\/p>\n","protected":false},"author":0,"featured_media":35317,"comment_status":"open","ping_status":"open","sticky":false,"template":"","format":"standard","meta":{"footnotes":""},"categories":[18],"tags":[],"class_list":["post-35309","post","type-post","status-publish","format-standard","has-post-thumbnail","hentry","category-parana"],"_links":{"self":[{"href":"https:\/\/acontecenafronteira.com.br\/index.php\/wp-json\/wp\/v2\/posts\/35309","targetHints":{"allow":["GET"]}}],"collection":[{"href":"https:\/\/acontecenafronteira.com.br\/index.php\/wp-json\/wp\/v2\/posts"}],"about":[{"href":"https:\/\/acontecenafronteira.com.br\/index.php\/wp-json\/wp\/v2\/types\/post"}],"replies":[{"embeddable":true,"href":"https:\/\/acontecenafronteira.com.br\/index.php\/wp-json\/wp\/v2\/comments?post=35309"}],"version-history":[{"count":1,"href":"https:\/\/acontecenafronteira.com.br\/index.php\/wp-json\/wp\/v2\/posts\/35309\/revisions"}],"predecessor-version":[{"id":35316,"href":"https:\/\/acontecenafronteira.com.br\/index.php\/wp-json\/wp\/v2\/posts\/35309\/revisions\/35316"}],"wp:featuredmedia":[{"embeddable":true,"href":"https:\/\/acontecenafronteira.com.br\/index.php\/wp-json\/wp\/v2\/media\/35317"}],"wp:attachment":[{"href":"https:\/\/acontecenafronteira.com.br\/index.php\/wp-json\/wp\/v2\/media?parent=35309"}],"wp:term":[{"taxonomy":"category","embeddable":true,"href":"https:\/\/acontecenafronteira.com.br\/index.php\/wp-json\/wp\/v2\/categories?post=35309"},{"taxonomy":"post_tag","embeddable":true,"href":"https:\/\/acontecenafronteira.com.br\/index.php\/wp-json\/wp\/v2\/tags?post=35309"}],"curies":[{"name":"wp","href":"https:\/\/api.w.org\/{rel}","templated":true}]}}