{"id":35308,"date":"2026-09-04T18:36:54","date_gmt":"2026-09-04T21:36:54","guid":{"rendered":"https:\/\/acontecenafronteira.com.br\/?p=35308"},"modified":"2026-09-04T18:36:54","modified_gmt":"2026-09-04T21:36:54","slug":"el-nino-afetou-38-de-areas-humanas-da-amazonia-em-2024","status":"publish","type":"post","link":"https:\/\/acontecenafronteira.com.br\/index.php\/2026\/09\/04\/el-nino-afetou-38-de-areas-humanas-da-amazonia-em-2024\/","title":{"rendered":"El Ni\u00f1o afetou 38% de \u00e1reas humanas da Amaz\u00f4nia em 2024"},"content":{"rendered":"<p>Mais de 38% das regi\u00f5es ocupadas por popula\u00e7\u00f5es humanas na Amaz\u00f4nia enfrentaram forte exposi\u00e7\u00e3o aos impactos clim\u00e1ticos extremos provocados pelo fen\u00f4meno El Ni\u00f1o ao longo de 2024.<\/p>\n<h2>Impacto direto nas comunidades amaz\u00f4nicas<\/h2>\n<p>Os dados foram divulgados em um levantamento in\u00e9dito realizado pelo MapBiomas na \u00faltima sexta-feira (4), evidenciando a vulnerabilidade dessas popula\u00e7\u00f5es diante de altera\u00e7\u00f5es clim\u00e1ticas severas.<\/p>\n<p>O relat\u00f3rio aponta que a combina\u00e7\u00e3o de altas temperaturas e escassez de chuvas intensificou os riscos ambientais em grande parte do bioma, prejudicando atividades de subsist\u00eancia e a seguran\u00e7a de moradores locais.<\/p>\n<h2>Extens\u00e3o territorial e riscos associados<\/h2>\n<p>A \u00e1rea afetada compreende dezenas de munic\u00edpios e territ\u00f3rios tradicionais onde vivem comunidades que dependem diretamente do equil\u00edbrio ambiental para sua sobreviv\u00eancia e manuten\u00e7\u00e3o cultural.<\/p>\n<p>Especialistas alertam que a recorr\u00eancia e a intensidade desses eventos extremos tendem a se tornar mais frequentes, exigindo estrat\u00e9gias urgentes de adapta\u00e7\u00e3o e mitiga\u00e7\u00e3o de danos na regi\u00e3o norte do pa\u00eds.<\/p>\n<p>O monitoramento cont\u00ednuo dessas \u00e1reas \u00e9 considerado fundamental para antecipar crises h\u00eddricas e conter o avan\u00e7o de focos de inc\u00eandio florestal impulsionados pelo clima seco.<\/p>\n<p>Por Reda\u00e7\u00e3o Acontece<\/p>\n<p>Cr\u00e9ditos da imagem: MapBiomas\/Divulga\u00e7\u00e3o<\/p>\n","protected":false},"excerpt":{"rendered":"<p>Mais de 38% das regi\u00f5es ocupadas por popula\u00e7\u00f5es humanas na Amaz\u00f4nia enfrentaram forte exposi\u00e7\u00e3o aos impactos clim\u00e1ticos extremos provocados pelo fen\u00f4meno El Ni\u00f1o ao longo de 2024. Impacto direto nas comunidades amaz\u00f4nicas Os dados foram divulgados em um levantamento in\u00e9dito realizado pelo MapBiomas na \u00faltima sexta-feira (4), evidenciando a vulnerabilidade dessas popula\u00e7\u00f5es diante de altera\u00e7\u00f5es [&hellip;]<\/p>\n","protected":false},"author":0,"featured_media":35315,"comment_status":"open","ping_status":"open","sticky":false,"template":"","format":"standard","meta":{"footnotes":""},"categories":[18],"tags":[],"class_list":["post-35308","post","type-post","status-publish","format-standard","has-post-thumbnail","hentry","category-parana"],"_links":{"self":[{"href":"https:\/\/acontecenafronteira.com.br\/index.php\/wp-json\/wp\/v2\/posts\/35308","targetHints":{"allow":["GET"]}}],"collection":[{"href":"https:\/\/acontecenafronteira.com.br\/index.php\/wp-json\/wp\/v2\/posts"}],"about":[{"href":"https:\/\/acontecenafronteira.com.br\/index.php\/wp-json\/wp\/v2\/types\/post"}],"replies":[{"embeddable":true,"href":"https:\/\/acontecenafronteira.com.br\/index.php\/wp-json\/wp\/v2\/comments?post=35308"}],"version-history":[{"count":1,"href":"https:\/\/acontecenafronteira.com.br\/index.php\/wp-json\/wp\/v2\/posts\/35308\/revisions"}],"predecessor-version":[{"id":35314,"href":"https:\/\/acontecenafronteira.com.br\/index.php\/wp-json\/wp\/v2\/posts\/35308\/revisions\/35314"}],"wp:featuredmedia":[{"embeddable":true,"href":"https:\/\/acontecenafronteira.com.br\/index.php\/wp-json\/wp\/v2\/media\/35315"}],"wp:attachment":[{"href":"https:\/\/acontecenafronteira.com.br\/index.php\/wp-json\/wp\/v2\/media?parent=35308"}],"wp:term":[{"taxonomy":"category","embeddable":true,"href":"https:\/\/acontecenafronteira.com.br\/index.php\/wp-json\/wp\/v2\/categories?post=35308"},{"taxonomy":"post_tag","embeddable":true,"href":"https:\/\/acontecenafronteira.com.br\/index.php\/wp-json\/wp\/v2\/tags?post=35308"}],"curies":[{"name":"wp","href":"https:\/\/api.w.org\/{rel}","templated":true}]}}