{"id":35306,"date":"2026-09-04T18:36:48","date_gmt":"2026-09-04T21:36:48","guid":{"rendered":"https:\/\/acontecenafronteira.com.br\/?p=35306"},"modified":"2026-09-04T18:36:48","modified_gmt":"2026-09-04T21:36:48","slug":"rock-in-rio-2026-guia-completo-da-abertura-nesta-sexta","status":"publish","type":"post","link":"https:\/\/acontecenafronteira.com.br\/index.php\/2026\/09\/04\/rock-in-rio-2026-guia-completo-da-abertura-nesta-sexta\/","title":{"rendered":"Rock in Rio 2026: Guia completo da abertura nesta sexta"},"content":{"rendered":"<p>O aguardado <strong>Rock in Rio 2026<\/strong> tem in\u00edcio nesta sexta-feira (4), transformando a <strong>Cidade do Rock<\/strong>, localizada na Barra da Tijuca, zona oeste do Rio de Janeiro, no epicentro da m\u00fasica global. Reconhecido internacionalmente como um dos maiores festivais do planeta, o evento promete movimentar a capital fluminense com uma programa\u00e7\u00e3o hist\u00f3rica.<\/p>\n<h2>Line-up de peso para o primeiro dia<\/h2>\n<p>As expectativas para a noite de estreia s\u00e3o alt\u00edssimas, impulsionadas por um <strong>line-up<\/strong> estrelado que re\u00fane lendas da m\u00fasica internacional e grandes nomes do rock. Entre os headliners mais esperados pelo p\u00fablico est\u00e3o o ic\u00f4nico <strong>Elton John<\/strong> e a poderosa banda <strong>Foo Fighters<\/strong>, que prometem entregar performances inesquec\u00edveis no Palco Mundo.<\/p>\n<h2>Estrutura e novidades na Cidade do Rock<\/h2>\n<p>Al\u00e9m dos shows imperd\u00edveis, a edi\u00e7\u00e3o deste ano traz uma infraestrutura totalmente renovada para receber centenas de milhares de f\u00e3s. A organiza\u00e7\u00e3o preparou novas \u00e1reas de conviv\u00eancia, experi\u00eancias interativas e melhorias na mobilidade urbana para facilitar o acesso ao local na Barra da Tijuca, garantindo conforto e seguran\u00e7a durante todos os dias de evento.<\/p>\n<p>Impacto econ\u00f4mico e turismo<\/p>\n<p>O festival tamb\u00e9m representa uma alavancagem hist\u00f3rica para a economia local, com a rede hoteleira operando pr\u00f3xima \u00e0 capacidade m\u00e1xima e milhares de turistas desembarcando na Cidade Maravilhosa para curtir os dias de <strong>shows<\/strong> e entretenimento.<\/p>\n<p>Com uma superprodu\u00e7\u00e3o e um esquema especial de tr\u00e2nsito montado pela prefeitura, o megafesta musical reafirma o status do Brasil no circuito dos grandes eventos internacionais, consolidando a tradi\u00e7\u00e3o de d\u00e9cadas do projeto criado por Roberto Medina.<\/p>\n<p>Por Reda\u00e7\u00e3o Acontece<\/p>\n<p>Cr\u00e9ditos da imagem: Divulga\u00e7\u00e3o \/ Assessoria Rock in Rio<\/p>\n","protected":false},"excerpt":{"rendered":"<p>O aguardado Rock in Rio 2026 tem in\u00edcio nesta sexta-feira (4), transformando a Cidade do Rock, localizada na Barra da Tijuca, zona oeste do Rio de Janeiro, no epicentro da m\u00fasica global. Reconhecido internacionalmente como um dos maiores festivais do planeta, o evento promete movimentar a capital fluminense com uma programa\u00e7\u00e3o hist\u00f3rica. Line-up de peso [&hellip;]<\/p>\n","protected":false},"author":0,"featured_media":35311,"comment_status":"open","ping_status":"open","sticky":false,"template":"","format":"standard","meta":{"footnotes":""},"categories":[18],"tags":[],"class_list":["post-35306","post","type-post","status-publish","format-standard","has-post-thumbnail","hentry","category-parana"],"_links":{"self":[{"href":"https:\/\/acontecenafronteira.com.br\/index.php\/wp-json\/wp\/v2\/posts\/35306","targetHints":{"allow":["GET"]}}],"collection":[{"href":"https:\/\/acontecenafronteira.com.br\/index.php\/wp-json\/wp\/v2\/posts"}],"about":[{"href":"https:\/\/acontecenafronteira.com.br\/index.php\/wp-json\/wp\/v2\/types\/post"}],"replies":[{"embeddable":true,"href":"https:\/\/acontecenafronteira.com.br\/index.php\/wp-json\/wp\/v2\/comments?post=35306"}],"version-history":[{"count":1,"href":"https:\/\/acontecenafronteira.com.br\/index.php\/wp-json\/wp\/v2\/posts\/35306\/revisions"}],"predecessor-version":[{"id":35310,"href":"https:\/\/acontecenafronteira.com.br\/index.php\/wp-json\/wp\/v2\/posts\/35306\/revisions\/35310"}],"wp:featuredmedia":[{"embeddable":true,"href":"https:\/\/acontecenafronteira.com.br\/index.php\/wp-json\/wp\/v2\/media\/35311"}],"wp:attachment":[{"href":"https:\/\/acontecenafronteira.com.br\/index.php\/wp-json\/wp\/v2\/media?parent=35306"}],"wp:term":[{"taxonomy":"category","embeddable":true,"href":"https:\/\/acontecenafronteira.com.br\/index.php\/wp-json\/wp\/v2\/categories?post=35306"},{"taxonomy":"post_tag","embeddable":true,"href":"https:\/\/acontecenafronteira.com.br\/index.php\/wp-json\/wp\/v2\/tags?post=35306"}],"curies":[{"name":"wp","href":"https:\/\/api.w.org\/{rel}","templated":true}]}}