{"id":35287,"date":"2026-09-04T17:38:10","date_gmt":"2026-09-04T20:38:10","guid":{"rendered":"https:\/\/acontecenafronteira.com.br\/?p=35287"},"modified":"2026-09-04T17:38:10","modified_gmt":"2026-09-04T20:38:10","slug":"aliados-de-lula-sugerem-nome-para-o-stf-para-acalmar-crise-politica","status":"publish","type":"post","link":"https:\/\/acontecenafronteira.com.br\/index.php\/2026\/09\/04\/aliados-de-lula-sugerem-nome-para-o-stf-para-acalmar-crise-politica\/","title":{"rendered":"Aliados de Lula sugerem nome para o STF para acalmar crise pol\u00edtica"},"content":{"rendered":"<p>Grupos pol\u00edticos pr\u00f3ximos ao Pal\u00e1cio do Planalto come\u00e7aram a articular a poss\u00edvel indica\u00e7\u00e3o do governador interino do Rio de Janeiro, Ricardo Couto, para preencher a vaga atualmente aberta no Supremo Tribunal Federal.<\/p>\n<h2>Estrat\u00e9gia para conter desgastes na Suprema Corte<\/h2>\n<p>\nA movimenta\u00e7\u00e3o ocorre em meio a um momento delicado para o Judici\u00e1rio brasileiro. A avalia\u00e7\u00e3o interna \u00e9 de que o presidente precisa adotar um gesto de forte apelo institucional, escolhendo um perfil externo ao seu c\u00edrculo \u00edntimo e reconhecido pelo combate \u00e0 corrup\u00e7\u00e3o, buscando assim restaurar a confian\u00e7a p\u00fablica ap\u00f3s recentes pol\u00eamicas envolvendo ministros da Corte.<\/p>\n<h2>O impasse na sucess\u00e3o do STF<\/h2>\n<p>\nA cadeira m\u00e1xima da justi\u00e7a est\u00e1 desocupada desde outubro de 2025, ap\u00f3s a sa\u00edda antecipada de Lu\u00eds Roberto Barroso. Na primeira tentativa de preenchimento, o chefe do Executivo apostou em Jorge Messias, ent\u00e3o advogado-geral da Uni\u00e3o e seu aliado hist\u00f3rico. Contudo, a indica\u00e7\u00e3o sofreu forte rejei\u00e7\u00e3o no Senado Federal, gerando um rev\u00e9s pol\u00edtico in\u00e9dito para a gest\u00e3o petista.<\/p>\n<h2>Perfil t\u00e9cnico e tr\u00e2nsito em Bras\u00edlia<\/h2>\n<p>\nDesembargador e presidente do Tribunal de Justi\u00e7a fluminense, Ricardo Couto ganhou tra\u00e7\u00e3o nos bastidores gra\u00e7as \u00e0 sua gest\u00e3o elogiada no estado e \u00e0 proximidade com figuras de peso da Esplanada dos Minist\u00e9rios, como o ministro da Justi\u00e7a, Wellington C\u00e9sar Lima e Silva. Embora n\u00e3o perten\u00e7a ao n\u00facleo de confian\u00e7a do mandat\u00e1rio, Couto j\u00e1 recebeu elogios p\u00fablicos do chefe de Estado em solenidades oficiais.<\/p>\n<h2>D\u00favidas e resist\u00eancias no Planalto<\/h2>\n<p>\nApesar da articula\u00e7\u00e3o liderada por interlocutores governistas, a decis\u00e3o final ainda n\u00e3o foi tomada. O presidente da Rep\u00fablica nutria o desejo de reapresentar o nome de Messias aos senadores e historicamente prefere indicar colaboradores de sua estrita confian\u00e7a para tribunais superiores.<\/p>\n<h2>Rea\u00e7\u00f5es \u00e0 crise e futuro das indica\u00e7\u00f5es<\/h2>\n<p>\nEnquanto o debate sobre a sucess\u00e3o continua, o governo tenta blindar sua imagem p\u00fablica. Em discursos recentes, o l\u00edder do Executivo cobrou probidade funcional e defendeu reformas estruturais, ressaltando a necessidade de blindar as institui\u00e7\u00f5es democr\u00e1ticas contra o uso de cargos p\u00fablicos para fins pessoais.<\/p>\n<p>Para analistas pol\u00edticos alinhados ao governo, sacrificar a indica\u00e7\u00e3o de um aliado fiel em prol de um nome puramente t\u00e9cnico funcionaria como um freio de arruma\u00e7\u00e3o pol\u00edtico. A articula\u00e7\u00e3o que derrubou a escolha anterior foi liderada pelo Senado com apoio velado de magistrados, mas a vaga em aberto poder\u00e1 ser resolvida com novos arranjos caso o Pal\u00e1cio do Planalto decida adotar uma postura de concilia\u00e7\u00e3o institucional.<\/p>\n<p>Por Reda\u00e7\u00e3o Acontece<\/p>\n<p>Foto: Divulga\u00e7\u00e3o \/ Ag\u00eancia Brasil<\/p>\n","protected":false},"excerpt":{"rendered":"<p>Grupos pol\u00edticos pr\u00f3ximos ao Pal\u00e1cio do Planalto come\u00e7aram a articular a poss\u00edvel indica\u00e7\u00e3o do governador interino do Rio de Janeiro, Ricardo Couto, para preencher a vaga atualmente aberta no Supremo Tribunal Federal. Estrat\u00e9gia para conter desgastes na Suprema Corte A movimenta\u00e7\u00e3o ocorre em meio a um momento delicado para o Judici\u00e1rio brasileiro. A avalia\u00e7\u00e3o interna [&hellip;]<\/p>\n","protected":false},"author":0,"featured_media":35293,"comment_status":"open","ping_status":"open","sticky":false,"template":"","format":"standard","meta":{"footnotes":""},"categories":[28],"tags":[],"class_list":["post-35287","post","type-post","status-publish","format-standard","has-post-thumbnail","hentry","category-mundo"],"_links":{"self":[{"href":"https:\/\/acontecenafronteira.com.br\/index.php\/wp-json\/wp\/v2\/posts\/35287","targetHints":{"allow":["GET"]}}],"collection":[{"href":"https:\/\/acontecenafronteira.com.br\/index.php\/wp-json\/wp\/v2\/posts"}],"about":[{"href":"https:\/\/acontecenafronteira.com.br\/index.php\/wp-json\/wp\/v2\/types\/post"}],"replies":[{"embeddable":true,"href":"https:\/\/acontecenafronteira.com.br\/index.php\/wp-json\/wp\/v2\/comments?post=35287"}],"version-history":[{"count":1,"href":"https:\/\/acontecenafronteira.com.br\/index.php\/wp-json\/wp\/v2\/posts\/35287\/revisions"}],"predecessor-version":[{"id":35292,"href":"https:\/\/acontecenafronteira.com.br\/index.php\/wp-json\/wp\/v2\/posts\/35287\/revisions\/35292"}],"wp:featuredmedia":[{"embeddable":true,"href":"https:\/\/acontecenafronteira.com.br\/index.php\/wp-json\/wp\/v2\/media\/35293"}],"wp:attachment":[{"href":"https:\/\/acontecenafronteira.com.br\/index.php\/wp-json\/wp\/v2\/media?parent=35287"}],"wp:term":[{"taxonomy":"category","embeddable":true,"href":"https:\/\/acontecenafronteira.com.br\/index.php\/wp-json\/wp\/v2\/categories?post=35287"},{"taxonomy":"post_tag","embeddable":true,"href":"https:\/\/acontecenafronteira.com.br\/index.php\/wp-json\/wp\/v2\/tags?post=35287"}],"curies":[{"name":"wp","href":"https:\/\/api.w.org\/{rel}","templated":true}]}}