{"id":35286,"date":"2026-09-04T17:37:49","date_gmt":"2026-09-04T20:37:49","guid":{"rendered":"https:\/\/acontecenafronteira.com.br\/?p=35286"},"modified":"2026-09-04T17:37:49","modified_gmt":"2026-09-04T20:37:49","slug":"samia-bomfim-denuncia-nikolas-ferreira-a-pgr-por-fake-news","status":"publish","type":"post","link":"https:\/\/acontecenafronteira.com.br\/index.php\/2026\/09\/04\/samia-bomfim-denuncia-nikolas-ferreira-a-pgr-por-fake-news\/","title":{"rendered":"S\u00e2mia Bomfim denuncia Nikolas Ferreira \u00e0 PGR por fake news"},"content":{"rendered":"<p>A deputada federal S\u00e2mia Bomfim (PSOL-SP) protocolou uma representa\u00e7\u00e3o na Procuradoria-Geral da Rep\u00fablica (PGR) contra o deputado federal Nikolas Ferreira (PL-MG), sob a acusa\u00e7\u00e3o de compartilhamento de documento falso nas redes sociais.<\/p>\n<h2>A acusa\u00e7\u00e3o contra o parlamentar<\/h2>\n<p>O material divulgado pelo deputado mineiro foi falsamente atribu\u00eddo \u00e0 Pol\u00edcia Federal. O objetivo da postagem era tentar demonstrar a inexist\u00eancia de irregularidades nas intera\u00e7\u00f5es entre o parlamentar e Daniel Vorcaro, propriet\u00e1rio do Banco Master, figura central no maior esc\u00e2ndalo financeiro do Brasil.<\/p>\n<h2>O contexto do esc\u00e2ndalo financeiro<\/h2>\n<p>O caso envolve transa\u00e7\u00f5es e contatos que est\u00e3o sob escrut\u00ednio das autoridades no \u00e2mbito das investiga\u00e7\u00f5es sobre o Banco Master. A difus\u00e3o do arquivo falso gerou repercuss\u00e3o negativa e levou a parlamentar a cobrar uma investiga\u00e7\u00e3o rigorosa por parte da PGR.<\/p>\n<h2>Pr\u00f3ximos passos da investiga\u00e7\u00e3o<\/h2>\n<p>Com a not\u00edcia de fato apresentada \u00e0 Procuradoria-Geral da Rep\u00fablica, o \u00f3rg\u00e3o agora dever\u00e1 analisar o material entregue pela deputada para decidir quais medidas cab\u00edveis ser\u00e3o adotadas em rela\u00e7\u00e3o \u00e0 conduta do deputado federal investigado.<\/p>\n<p>A representa\u00e7\u00e3o refor\u00e7a a necessidade de combater a dissemina\u00e7\u00e3o de informa\u00e7\u00f5es inver\u00eddicas envolvendo investiga\u00e7\u00f5es de grande repercuss\u00e3o nacional e crimes contra o sistema financeiro.<\/p>\n<p>Por Reda\u00e7\u00e3o Acontece<\/p>\n<p>Cr\u00e9ditos da imagem: Divulga\u00e7\u00e3o \/ C\u00e2mara dos Deputados<\/p>\n","protected":false},"excerpt":{"rendered":"<p>A deputada federal S\u00e2mia Bomfim (PSOL-SP) protocolou uma representa\u00e7\u00e3o na Procuradoria-Geral da Rep\u00fablica (PGR) contra o deputado federal Nikolas Ferreira (PL-MG), sob a acusa\u00e7\u00e3o de compartilhamento de documento falso nas redes sociais. A acusa\u00e7\u00e3o contra o parlamentar O material divulgado pelo deputado mineiro foi falsamente atribu\u00eddo \u00e0 Pol\u00edcia Federal. O objetivo da postagem era tentar [&hellip;]<\/p>\n","protected":false},"author":0,"featured_media":35291,"comment_status":"open","ping_status":"open","sticky":false,"template":"","format":"standard","meta":{"footnotes":""},"categories":[28],"tags":[],"class_list":["post-35286","post","type-post","status-publish","format-standard","has-post-thumbnail","hentry","category-mundo"],"_links":{"self":[{"href":"https:\/\/acontecenafronteira.com.br\/index.php\/wp-json\/wp\/v2\/posts\/35286","targetHints":{"allow":["GET"]}}],"collection":[{"href":"https:\/\/acontecenafronteira.com.br\/index.php\/wp-json\/wp\/v2\/posts"}],"about":[{"href":"https:\/\/acontecenafronteira.com.br\/index.php\/wp-json\/wp\/v2\/types\/post"}],"replies":[{"embeddable":true,"href":"https:\/\/acontecenafronteira.com.br\/index.php\/wp-json\/wp\/v2\/comments?post=35286"}],"version-history":[{"count":1,"href":"https:\/\/acontecenafronteira.com.br\/index.php\/wp-json\/wp\/v2\/posts\/35286\/revisions"}],"predecessor-version":[{"id":35290,"href":"https:\/\/acontecenafronteira.com.br\/index.php\/wp-json\/wp\/v2\/posts\/35286\/revisions\/35290"}],"wp:featuredmedia":[{"embeddable":true,"href":"https:\/\/acontecenafronteira.com.br\/index.php\/wp-json\/wp\/v2\/media\/35291"}],"wp:attachment":[{"href":"https:\/\/acontecenafronteira.com.br\/index.php\/wp-json\/wp\/v2\/media?parent=35286"}],"wp:term":[{"taxonomy":"category","embeddable":true,"href":"https:\/\/acontecenafronteira.com.br\/index.php\/wp-json\/wp\/v2\/categories?post=35286"},{"taxonomy":"post_tag","embeddable":true,"href":"https:\/\/acontecenafronteira.com.br\/index.php\/wp-json\/wp\/v2\/tags?post=35286"}],"curies":[{"name":"wp","href":"https:\/\/api.w.org\/{rel}","templated":true}]}}