{"id":35277,"date":"2026-09-04T17:37:36","date_gmt":"2026-09-04T20:37:36","guid":{"rendered":"https:\/\/acontecenafronteira.com.br\/?p=35277"},"modified":"2026-09-04T17:37:36","modified_gmt":"2026-09-04T20:37:36","slug":"tce-proibe-acumulo-mas-secretario-segue-com-dois-salarios","status":"publish","type":"post","link":"https:\/\/acontecenafronteira.com.br\/index.php\/2026\/09\/04\/tce-proibe-acumulo-mas-secretario-segue-com-dois-salarios\/","title":{"rendered":"TCE pro\u00edbe ac\u00famulo, mas secret\u00e1rio segue com dois sal\u00e1rios"},"content":{"rendered":"<p>O Tribunal de Contas do Estado do Paran\u00e1 determinou a ilegalidade na cumula\u00e7\u00e3o de cargos p\u00fablicos exercidos pelo secret\u00e1rio estadual da Educa\u00e7\u00e3o, apontando incompatibilidade de jornadas e recebimento indevido de proventos.<\/p>\n<h2>A decis\u00e3o do Tribunal de Contas<\/h2>\n<p>A determina\u00e7\u00e3o do \u00f3rg\u00e3o de fiscaliza\u00e7\u00e3o ocorreu ap\u00f3s an\u00e1lise detalhada da folha de pagamento e das atribui\u00e7\u00f5es desempenhadas pelo titular da pasta. Para os conselheiros, a manuten\u00e7\u00e3o de duas fun\u00e7\u00f5es p\u00fablicas simult\u00e2neas fere a legisla\u00e7\u00e3o vigente e os princ\u00edpios da administra\u00e7\u00e3o p\u00fablica.<\/p>\n<h2>Situa\u00e7\u00e3o funcional e pagamentos<\/h2>\n<p>Apesar do veto imposto pela corte de contas, o secret\u00e1rio continua acumulando tanto a fun\u00e7\u00e3o de gestor da pasta quanto o seu v\u00ednculo de origem, recebendo remunera\u00e7\u00e3o por ambos os cargos de forma concomitante.<\/p>\n<p>O caso gera debates jur\u00eddicos sobre os limites da acumula\u00e7\u00e3o de cargos de alta relev\u00e2ncia no servi\u00e7o p\u00fablico estadual e a efetividade das decis\u00f5es dos \u00f3rg\u00e3os de controle externo.<\/p>\n<p>A continuidade dos pagamentos em duplicidade coloca em evid\u00eancia a morosidade nos tr\u00e2mites administrativos para o cumprimento das determina\u00e7\u00f5es emitidas pelo tribunal paranaense.<\/p>\n<p>Enquanto os \u00f3rg\u00e3os competentes avaliam os pr\u00f3ximos passos jur\u00eddicos e administrativos, a situa\u00e7\u00e3o permanece sob escrut\u00ednio p\u00fablico, aguardando uma defini\u00e7\u00e3o sobre a regulariza\u00e7\u00e3o dos v\u00ednculos empregat\u00edcios do chefe da Educa\u00e7\u00e3o.<\/p>\n<p>Por Reda\u00e7\u00e3o Acontece<\/p>\n<p>Cr\u00e9ditos da imagem: Divulga\u00e7\u00e3o \/ TCE-PR<\/p>\n","protected":false},"excerpt":{"rendered":"<p>O Tribunal de Contas do Estado do Paran\u00e1 determinou a ilegalidade na cumula\u00e7\u00e3o de cargos p\u00fablicos exercidos pelo secret\u00e1rio estadual da Educa\u00e7\u00e3o, apontando incompatibilidade de jornadas e recebimento indevido de proventos. A decis\u00e3o do Tribunal de Contas A determina\u00e7\u00e3o do \u00f3rg\u00e3o de fiscaliza\u00e7\u00e3o ocorreu ap\u00f3s an\u00e1lise detalhada da folha de pagamento e das atribui\u00e7\u00f5es desempenhadas [&hellip;]<\/p>\n","protected":false},"author":0,"featured_media":35285,"comment_status":"open","ping_status":"open","sticky":false,"template":"","format":"standard","meta":{"footnotes":""},"categories":[18],"tags":[],"class_list":["post-35277","post","type-post","status-publish","format-standard","has-post-thumbnail","hentry","category-parana"],"_links":{"self":[{"href":"https:\/\/acontecenafronteira.com.br\/index.php\/wp-json\/wp\/v2\/posts\/35277","targetHints":{"allow":["GET"]}}],"collection":[{"href":"https:\/\/acontecenafronteira.com.br\/index.php\/wp-json\/wp\/v2\/posts"}],"about":[{"href":"https:\/\/acontecenafronteira.com.br\/index.php\/wp-json\/wp\/v2\/types\/post"}],"replies":[{"embeddable":true,"href":"https:\/\/acontecenafronteira.com.br\/index.php\/wp-json\/wp\/v2\/comments?post=35277"}],"version-history":[{"count":1,"href":"https:\/\/acontecenafronteira.com.br\/index.php\/wp-json\/wp\/v2\/posts\/35277\/revisions"}],"predecessor-version":[{"id":35284,"href":"https:\/\/acontecenafronteira.com.br\/index.php\/wp-json\/wp\/v2\/posts\/35277\/revisions\/35284"}],"wp:featuredmedia":[{"embeddable":true,"href":"https:\/\/acontecenafronteira.com.br\/index.php\/wp-json\/wp\/v2\/media\/35285"}],"wp:attachment":[{"href":"https:\/\/acontecenafronteira.com.br\/index.php\/wp-json\/wp\/v2\/media?parent=35277"}],"wp:term":[{"taxonomy":"category","embeddable":true,"href":"https:\/\/acontecenafronteira.com.br\/index.php\/wp-json\/wp\/v2\/categories?post=35277"},{"taxonomy":"post_tag","embeddable":true,"href":"https:\/\/acontecenafronteira.com.br\/index.php\/wp-json\/wp\/v2\/tags?post=35277"}],"curies":[{"name":"wp","href":"https:\/\/api.w.org\/{rel}","templated":true}]}}