{"id":35275,"date":"2026-09-04T17:37:29","date_gmt":"2026-09-04T20:37:29","guid":{"rendered":"https:\/\/acontecenafronteira.com.br\/?p=35275"},"modified":"2026-09-04T17:37:29","modified_gmt":"2026-09-04T20:37:29","slug":"professor-morre-em-obra-de-r-827-mil-em-colegio-no-rs","status":"publish","type":"post","link":"https:\/\/acontecenafronteira.com.br\/index.php\/2026\/09\/04\/professor-morre-em-obra-de-r-827-mil-em-colegio-no-rs\/","title":{"rendered":"Professor morre em obra de R$ 827 mil em col\u00e9gio no RS"},"content":{"rendered":"<p>O falecimento do professor Cassiano Rossetto, de 39 anos, ocorrido na \u00faltima ter\u00e7a-feira (1\u00ba), trouxe \u00e0 tona graves irregularidades e atrasos em uma reforma avaliada em R$ 827 mil no Col\u00e9gio Agr\u00edcola. O docente realizava por conta pr\u00f3pria reparos no forro da casa funcional onde morava com a fam\u00edlia no momento do acidente fatal.<\/p>\n<h2>Atrasos e paralisa\u00e7\u00f5es na reforma milion\u00e1ria<\/h2>\n<p>A interven\u00e7\u00e3o estrutural na institui\u00e7\u00e3o de ensino come\u00e7ou a ser executada em julho de 2023, com previs\u00e3o inicial de conclus\u00e3o em apenas quatro meses. No entanto, o cronograma sofreu sucessivas prorroga\u00e7\u00f5es, acumulando meses de atraso e gerando insatisfa\u00e7\u00e3o na comunidade acad\u00eamica.<\/p>\n<h2>Condi\u00e7\u00f5es prec\u00e1rias nas resid\u00eancias funcionais<\/h2>\n<p>Moradores do local relatam que as moradias destinadas aos servidores apresentam s\u00e9rios problemas de infraestrutura. A falta de manuten\u00e7\u00e3o adequada por parte da administra\u00e7\u00e3o obrigava os profissionais a assumirem riscos para realizar reparos b\u00e1sicos em suas pr\u00f3prias resid\u00eancias.<\/p>\n<h2>Investiga\u00e7\u00e3o sobre as circunst\u00e2ncias do acidente<\/h2>\n<p>As autoridades competentes j\u00e1 iniciaram as apura\u00e7\u00f5es para determinar as responsabilidades pela trag\u00e9dia. O foco da investiga\u00e7\u00e3o \u00e9 entender por que o educador estava executando servi\u00e7os de manuten\u00e7\u00e3o que deveriam ser de responsabilidade dos \u00f3rg\u00e3os competentes pela obra.<\/p>\n<p>O caso escancara a situa\u00e7\u00e3o cr\u00edtica de abandono e os riscos enfrentados diariamente por quem vive nas depend\u00eancias do col\u00e9gio, enquanto os recursos milion\u00e1rios destinados \u00e0s melhorias n\u00e3o se traduzem em seguran\u00e7a e infraestrutura adequada.<\/p>\n<p>Por Reda\u00e7\u00e3o Acontece<\/p>\n<p>Cr\u00e9ditos da imagem: Reprodu\u00e7\u00e3o \/ Redes Sociais<\/p>\n","protected":false},"excerpt":{"rendered":"<p>O falecimento do professor Cassiano Rossetto, de 39 anos, ocorrido na \u00faltima ter\u00e7a-feira (1\u00ba), trouxe \u00e0 tona graves irregularidades e atrasos em uma reforma avaliada em R$ 827 mil no Col\u00e9gio Agr\u00edcola. O docente realizava por conta pr\u00f3pria reparos no forro da casa funcional onde morava com a fam\u00edlia no momento do acidente fatal. Atrasos [&hellip;]<\/p>\n","protected":false},"author":0,"featured_media":35281,"comment_status":"open","ping_status":"open","sticky":false,"template":"","format":"standard","meta":{"footnotes":""},"categories":[18],"tags":[],"class_list":["post-35275","post","type-post","status-publish","format-standard","has-post-thumbnail","hentry","category-parana"],"_links":{"self":[{"href":"https:\/\/acontecenafronteira.com.br\/index.php\/wp-json\/wp\/v2\/posts\/35275","targetHints":{"allow":["GET"]}}],"collection":[{"href":"https:\/\/acontecenafronteira.com.br\/index.php\/wp-json\/wp\/v2\/posts"}],"about":[{"href":"https:\/\/acontecenafronteira.com.br\/index.php\/wp-json\/wp\/v2\/types\/post"}],"replies":[{"embeddable":true,"href":"https:\/\/acontecenafronteira.com.br\/index.php\/wp-json\/wp\/v2\/comments?post=35275"}],"version-history":[{"count":1,"href":"https:\/\/acontecenafronteira.com.br\/index.php\/wp-json\/wp\/v2\/posts\/35275\/revisions"}],"predecessor-version":[{"id":35280,"href":"https:\/\/acontecenafronteira.com.br\/index.php\/wp-json\/wp\/v2\/posts\/35275\/revisions\/35280"}],"wp:featuredmedia":[{"embeddable":true,"href":"https:\/\/acontecenafronteira.com.br\/index.php\/wp-json\/wp\/v2\/media\/35281"}],"wp:attachment":[{"href":"https:\/\/acontecenafronteira.com.br\/index.php\/wp-json\/wp\/v2\/media?parent=35275"}],"wp:term":[{"taxonomy":"category","embeddable":true,"href":"https:\/\/acontecenafronteira.com.br\/index.php\/wp-json\/wp\/v2\/categories?post=35275"},{"taxonomy":"post_tag","embeddable":true,"href":"https:\/\/acontecenafronteira.com.br\/index.php\/wp-json\/wp\/v2\/tags?post=35275"}],"curies":[{"name":"wp","href":"https:\/\/api.w.org\/{rel}","templated":true}]}}