{"id":35274,"date":"2026-09-04T17:37:09","date_gmt":"2026-09-04T20:37:09","guid":{"rendered":"https:\/\/acontecenafronteira.com.br\/?p=35274"},"modified":"2026-09-04T17:37:09","modified_gmt":"2026-09-04T20:37:09","slug":"radares-em-curitiba-contratos-disparam-para-r-226-milhoes","status":"publish","type":"post","link":"https:\/\/acontecenafronteira.com.br\/index.php\/2026\/09\/04\/radares-em-curitiba-contratos-disparam-para-r-226-milhoes\/","title":{"rendered":"Radares em Curitiba: contratos disparam para R$ 226 milh\u00f5es"},"content":{"rendered":"<p>A infraestrutura de fiscaliza\u00e7\u00e3o eletr\u00f4nica na capital paranaense movimenta recursos bilion\u00e1rios que ultrapassam a simples presen\u00e7a de <b>radares<\/b> nas vias p\u00fablicas. Durante o ano de 2024, a prefeitura local registrou uma expans\u00e3o expressiva nos gastos com esses servi\u00e7os, elevando o patamar financeiro da gest\u00e3o do tr\u00e2nsito na cidade.<\/p>\n<h2>Expans\u00e3o milion\u00e1ria na fiscaliza\u00e7\u00e3o de tr\u00e2nsito<\/h2>\n<p>Os acordos firmados pelo poder p\u00fablico municipal para o monitoramento vi\u00e1rio sofreram um reajuste dr\u00e1stico recentemente. O montante anterior, que girava em torno de <b>R$ 61,8 milh\u00f5es<\/b>, registrou um salto expressivo e alcan\u00e7ou a marca de <b>R$ 226 milh\u00f5es<\/b>, evidenciando uma amplia\u00e7\u00e3o robusta nos investimentos voltados \u00e0 seguran\u00e7a vi\u00e1ria e ao controle de velocidade na regi\u00e3o urbana.<\/p>\n<h2>Impacto dos novos custos operacionais<\/h2>\n<p>O encarecimento dessa estrutura operacional reflete a necessidade de moderniza\u00e7\u00e3o tecnol\u00f3gica e a amplia\u00e7\u00e3o das \u00e1reas monitoradas por <b>equipamentos eletr\u00f4nicos<\/b>. A gest\u00e3o municipal argumenta que o aporte financeiro mais elevado garante maior cobertura e efici\u00eancia na fiscaliza\u00e7\u00e3o das principais avenidas e ruas de Curitiba.<\/p>\n<h2>Novos equipamentos e abrang\u00eancia urbana<\/h2>\n<p>Al\u00e9m dos tradicionais aparelhos medidores de velocidade, o pacote contratual engloba sistemas avan\u00e7ados de leitura de placas e monitoramento inteligente. Esses dispositivos auxiliam as for\u00e7as de seguran\u00e7a na identifica\u00e7\u00e3o de ve\u00edculos irregulares e no combate \u00e0 criminalidade urbana.<\/p>\n<p>A reformula\u00e7\u00e3o desses contratos gera debates sobre o retorno financeiro das multas aplicadas e o real impacto na redu\u00e7\u00e3o de acidentes. Enquanto a administra\u00e7\u00e3o municipal defende a efic\u00e1cia do sistema para salvar vidas no tr\u00e2nsito, motoristas acompanham de perto o reflexo dessa megaestrutura no or\u00e7amento p\u00fablico e nas taxas locais.<\/p>\n<p>Por Reda\u00e7\u00e3o Acontece<\/p>\n<p>Cr\u00e9ditos da imagem: Divulga\u00e7\u00e3o \/ Prefeitura de Curitiba<\/p>\n","protected":false},"excerpt":{"rendered":"<p>A infraestrutura de fiscaliza\u00e7\u00e3o eletr\u00f4nica na capital paranaense movimenta recursos bilion\u00e1rios que ultrapassam a simples presen\u00e7a de radares nas vias p\u00fablicas. Durante o ano de 2024, a prefeitura local registrou uma expans\u00e3o expressiva nos gastos com esses servi\u00e7os, elevando o patamar financeiro da gest\u00e3o do tr\u00e2nsito na cidade. Expans\u00e3o milion\u00e1ria na fiscaliza\u00e7\u00e3o de tr\u00e2nsito Os [&hellip;]<\/p>\n","protected":false},"author":0,"featured_media":35279,"comment_status":"open","ping_status":"open","sticky":false,"template":"","format":"standard","meta":{"footnotes":""},"categories":[18],"tags":[],"class_list":["post-35274","post","type-post","status-publish","format-standard","has-post-thumbnail","hentry","category-parana"],"_links":{"self":[{"href":"https:\/\/acontecenafronteira.com.br\/index.php\/wp-json\/wp\/v2\/posts\/35274","targetHints":{"allow":["GET"]}}],"collection":[{"href":"https:\/\/acontecenafronteira.com.br\/index.php\/wp-json\/wp\/v2\/posts"}],"about":[{"href":"https:\/\/acontecenafronteira.com.br\/index.php\/wp-json\/wp\/v2\/types\/post"}],"replies":[{"embeddable":true,"href":"https:\/\/acontecenafronteira.com.br\/index.php\/wp-json\/wp\/v2\/comments?post=35274"}],"version-history":[{"count":1,"href":"https:\/\/acontecenafronteira.com.br\/index.php\/wp-json\/wp\/v2\/posts\/35274\/revisions"}],"predecessor-version":[{"id":35278,"href":"https:\/\/acontecenafronteira.com.br\/index.php\/wp-json\/wp\/v2\/posts\/35274\/revisions\/35278"}],"wp:featuredmedia":[{"embeddable":true,"href":"https:\/\/acontecenafronteira.com.br\/index.php\/wp-json\/wp\/v2\/media\/35279"}],"wp:attachment":[{"href":"https:\/\/acontecenafronteira.com.br\/index.php\/wp-json\/wp\/v2\/media?parent=35274"}],"wp:term":[{"taxonomy":"category","embeddable":true,"href":"https:\/\/acontecenafronteira.com.br\/index.php\/wp-json\/wp\/v2\/categories?post=35274"},{"taxonomy":"post_tag","embeddable":true,"href":"https:\/\/acontecenafronteira.com.br\/index.php\/wp-json\/wp\/v2\/tags?post=35274"}],"curies":[{"name":"wp","href":"https:\/\/api.w.org\/{rel}","templated":true}]}}