{"id":35243,"date":"2026-09-04T16:36:45","date_gmt":"2026-09-04T19:36:45","guid":{"rendered":"https:\/\/acontecenafronteira.com.br\/?p=35243"},"modified":"2026-09-04T16:36:45","modified_gmt":"2026-09-04T19:36:45","slug":"21a-feira-do-livro-de-foz-do-iguacu-reune-5-mil-pessoas","status":"publish","type":"post","link":"https:\/\/acontecenafronteira.com.br\/index.php\/2026\/09\/04\/21a-feira-do-livro-de-foz-do-iguacu-reune-5-mil-pessoas\/","title":{"rendered":"21\u00aa Feira do Livro de Foz do Igua\u00e7u re\u00fane 5 mil pessoas"},"content":{"rendered":"<p>A abertura da 21\u00aa Feira Internacional do Livro de Foz do Igua\u00e7u foi marcada pela presen\u00e7a de aproximadamente 5 mil pessoas na Pra\u00e7a da Paz. O evento inaugural combinou literatura, gastronomia e m\u00fasica para dar in\u00edcio a uma maratona de quatro dias voltada \u00e0 celebra\u00e7\u00e3o cultural na regi\u00e3o de fronteira.<\/p>\n<h2>Atra\u00e7\u00f5es musicais e gastron\u00f4micas<\/h2>\n<p>A principal atra\u00e7\u00e3o da noite de estreia foi um show emocionante da cantora Roberta Campos, que encantou o p\u00fablico presente. Al\u00e9m da apresenta\u00e7\u00e3o musical, os visitantes puderam aproveitar uma feirinha gastron\u00f4mica variada, consolidando o espa\u00e7o como um ponto de encontro para fam\u00edlias e amantes da cultura.<\/p>\n<h2>Programa\u00e7\u00e3o cultural intensa<\/h2>\n<p>Nos pr\u00f3ximos dias, a programa\u00e7\u00e3o oficial continuar\u00e1 oferecendo diversas atividades liter\u00e1rias, debates com autores e exposi\u00e7\u00f5es. A iniciativa busca incentivar o h\u00e1bito da leitura e valorizar a produ\u00e7\u00e3o art\u00edstica local e nacional, atraindo moradores e turistas durante todo o final de semana.<\/p>\n<p>O evento j\u00e1 se consolidou no calend\u00e1rio oficial do munic\u00edpio como um dos principais festivais liter\u00e1rios do estado, promovendo o interc\u00e2mbio cultural e o acesso gratuito a m\u00faltiplas formas de arte para a comunidade igua\u00e7uense.<\/p>\n<p>Por Reda\u00e7\u00e3o Acontece<\/p>\n<p>Cr\u00e9ditos da imagem: Divulga\u00e7\u00e3o \/ Prefeitura de Foz do Igua\u00e7u<\/p>\n","protected":false},"excerpt":{"rendered":"<p>A abertura da 21\u00aa Feira Internacional do Livro de Foz do Igua\u00e7u foi marcada pela presen\u00e7a de aproximadamente 5 mil pessoas na Pra\u00e7a da Paz. O evento inaugural combinou literatura, gastronomia e m\u00fasica para dar in\u00edcio a uma maratona de quatro dias voltada \u00e0 celebra\u00e7\u00e3o cultural na regi\u00e3o de fronteira. Atra\u00e7\u00f5es musicais e gastron\u00f4micas A [&hellip;]<\/p>\n","protected":false},"author":0,"featured_media":35250,"comment_status":"open","ping_status":"open","sticky":false,"template":"","format":"standard","meta":{"footnotes":""},"categories":[4],"tags":[],"class_list":["post-35243","post","type-post","status-publish","format-standard","has-post-thumbnail","hentry","category-cidade"],"_links":{"self":[{"href":"https:\/\/acontecenafronteira.com.br\/index.php\/wp-json\/wp\/v2\/posts\/35243","targetHints":{"allow":["GET"]}}],"collection":[{"href":"https:\/\/acontecenafronteira.com.br\/index.php\/wp-json\/wp\/v2\/posts"}],"about":[{"href":"https:\/\/acontecenafronteira.com.br\/index.php\/wp-json\/wp\/v2\/types\/post"}],"replies":[{"embeddable":true,"href":"https:\/\/acontecenafronteira.com.br\/index.php\/wp-json\/wp\/v2\/comments?post=35243"}],"version-history":[{"count":1,"href":"https:\/\/acontecenafronteira.com.br\/index.php\/wp-json\/wp\/v2\/posts\/35243\/revisions"}],"predecessor-version":[{"id":35249,"href":"https:\/\/acontecenafronteira.com.br\/index.php\/wp-json\/wp\/v2\/posts\/35243\/revisions\/35249"}],"wp:featuredmedia":[{"embeddable":true,"href":"https:\/\/acontecenafronteira.com.br\/index.php\/wp-json\/wp\/v2\/media\/35250"}],"wp:attachment":[{"href":"https:\/\/acontecenafronteira.com.br\/index.php\/wp-json\/wp\/v2\/media?parent=35243"}],"wp:term":[{"taxonomy":"category","embeddable":true,"href":"https:\/\/acontecenafronteira.com.br\/index.php\/wp-json\/wp\/v2\/categories?post=35243"},{"taxonomy":"post_tag","embeddable":true,"href":"https:\/\/acontecenafronteira.com.br\/index.php\/wp-json\/wp\/v2\/tags?post=35243"}],"curies":[{"name":"wp","href":"https:\/\/api.w.org\/{rel}","templated":true}]}}