{"id":35230,"date":"2026-09-04T15:37:36","date_gmt":"2026-09-04T18:37:36","guid":{"rendered":"https:\/\/acontecenafronteira.com.br\/?p=35230"},"modified":"2026-09-04T15:37:36","modified_gmt":"2026-09-04T18:37:36","slug":"ruas-de-curitiba-tem-bloqueios-de-transito-no-feriado-prolongado","status":"publish","type":"post","link":"https:\/\/acontecenafronteira.com.br\/index.php\/2026\/09\/04\/ruas-de-curitiba-tem-bloqueios-de-transito-no-feriado-prolongado\/","title":{"rendered":"Ruas de Curitiba t\u00eam bloqueios de tr\u00e2nsito no feriado prolongado"},"content":{"rendered":"<p>Ruas de Curitiba t\u00eam bloqueios de tr\u00e2nsito no feriado prolongado Confira quais ruas de Curitiba estar\u00e3o bloqueadas no feriado de 7 de Setembro devido a desfiles, corridas e prociss\u00f5es. Evite transtornos no tr\u00e2nsito. Motoristas que v\u00e3o circular por Curitiba durante o feriado prolongado precisam redobrar a aten\u00e7\u00e3o, pois diversos eventos programados entre domingo (6) e ter\u00e7a-feira (8) provocar\u00e3o <b>bloqueios tempor\u00e1rios no tr\u00e2nsito<\/b> em diferentes regi\u00f5es da capital paranaense. <\/p>\n<h2>Orienta\u00e7\u00f5es para o tr\u00e1fego urbano<\/h2>\n<p> A Superintend\u00eancia de Tr\u00e2nsito recomenda que os condutores evitem transitar pelos locais onde ocorrer\u00e3o as atividades e busquem rotas alternativas. Caso seja inevit\u00e1vel passar por essas \u00e1reas, \u00e9 fundamental obedecer estritamente \u00e0 sinaliza\u00e7\u00e3o e seguir as orienta\u00e7\u00f5es dos agentes de tr\u00e2nsito e monitores presentes nas vias. <\/p>\n<h2>Desfile C\u00edvico de 7 de Setembro altera o tr\u00e1fego<\/h2>\n<p> Na segunda-feira (7), a tradicional celebra\u00e7\u00e3o c\u00edvica na Avenida C\u00e2ndido de Abreu exigir\u00e1 interdi\u00e7\u00f5es em sete bairros: Bom Retiro, Centro, Centro C\u00edvico, S\u00e3o Francisco, Ah\u00fa, Alto da Gl\u00f3ria e Juvev\u00ea. O esquema especial afeta cerca de 30 mil pessoas esperadas para o evento. A montagem das estruturas come\u00e7a nesta sexta-feira (4), gerando interrup\u00e7\u00e3o parcial na pista lenta da marginal da Avenida C\u00e2ndido de Abreu. No dia do desfile, a via principal e trechos da Rua Bar\u00e3o do Serro Azul fecham totalmente das 3h \u00e0s 14h, com apoio operacional da Guarda Municipal, Pol\u00edcia Militar e Ex\u00e9rcito. <\/p>\n<h2>Impacto no transporte coletivo<\/h2>\n<p> As mudan\u00e7as log\u00edsticas tamb\u00e9m alteram o itiner\u00e1rio dos \u00f4nibus. A Esta\u00e7\u00e3o Tubo Comendador Fontana fica desativada a partir de sexta-feira at\u00e9 ter\u00e7a-feira, impactando linhas como a 505 (Boqueir\u00e3o \/ Centro C\u00edvico) e 700 (Pinheirinho \/ Cabral), que realizar\u00e3o paradas na Esta\u00e7\u00e3o Tubo Prefeitura. <\/p>\n<h2>Corridas de rua e prociss\u00e3o religiosa<\/h2>\n<p> Al\u00e9m do desfile, o feriado conta com a 6\u00aa Corrida do 13\u00ba BPM no domingo (6) e a 3\u00aa Alcance Run na ter\u00e7a-feira (8), ambas no bairro Novo Mundo, reunindo milhares de atletas em percursos de 5 km e 13 km. Para fechar a programa\u00e7\u00e3o, a tradicional Prociss\u00e3o em Honra a Nossa Senhora da Luz dos Pinhais ocorre na tarde de ter\u00e7a-feira, partindo da Pra\u00e7a Tiradentes \u00e0s 16h em dire\u00e7\u00e3o ao Centro C\u00edvico, com acompanhamento de agentes de tr\u00e2nsito em todo o trajeto. Por Reda\u00e7\u00e3o Acontece Jos\u00e9 Fernando Ogura\/SECOM<\/p>\n","protected":false},"excerpt":{"rendered":"<p>Ruas de Curitiba t\u00eam bloqueios de tr\u00e2nsito no feriado prolongado Confira quais ruas de Curitiba estar\u00e3o bloqueadas no feriado de 7 de Setembro devido a desfiles, corridas e prociss\u00f5es. Evite transtornos no tr\u00e2nsito. Motoristas que v\u00e3o circular por Curitiba durante o feriado prolongado precisam redobrar a aten\u00e7\u00e3o, pois diversos eventos programados entre domingo (6) e [&hellip;]<\/p>\n","protected":false},"author":0,"featured_media":35236,"comment_status":"open","ping_status":"open","sticky":false,"template":"","format":"standard","meta":{"footnotes":""},"categories":[18],"tags":[],"class_list":["post-35230","post","type-post","status-publish","format-standard","has-post-thumbnail","hentry","category-parana"],"_links":{"self":[{"href":"https:\/\/acontecenafronteira.com.br\/index.php\/wp-json\/wp\/v2\/posts\/35230","targetHints":{"allow":["GET"]}}],"collection":[{"href":"https:\/\/acontecenafronteira.com.br\/index.php\/wp-json\/wp\/v2\/posts"}],"about":[{"href":"https:\/\/acontecenafronteira.com.br\/index.php\/wp-json\/wp\/v2\/types\/post"}],"replies":[{"embeddable":true,"href":"https:\/\/acontecenafronteira.com.br\/index.php\/wp-json\/wp\/v2\/comments?post=35230"}],"version-history":[{"count":1,"href":"https:\/\/acontecenafronteira.com.br\/index.php\/wp-json\/wp\/v2\/posts\/35230\/revisions"}],"predecessor-version":[{"id":35235,"href":"https:\/\/acontecenafronteira.com.br\/index.php\/wp-json\/wp\/v2\/posts\/35230\/revisions\/35235"}],"wp:featuredmedia":[{"embeddable":true,"href":"https:\/\/acontecenafronteira.com.br\/index.php\/wp-json\/wp\/v2\/media\/35236"}],"wp:attachment":[{"href":"https:\/\/acontecenafronteira.com.br\/index.php\/wp-json\/wp\/v2\/media?parent=35230"}],"wp:term":[{"taxonomy":"category","embeddable":true,"href":"https:\/\/acontecenafronteira.com.br\/index.php\/wp-json\/wp\/v2\/categories?post=35230"},{"taxonomy":"post_tag","embeddable":true,"href":"https:\/\/acontecenafronteira.com.br\/index.php\/wp-json\/wp\/v2\/tags?post=35230"}],"curies":[{"name":"wp","href":"https:\/\/api.w.org\/{rel}","templated":true}]}}