{"id":35221,"date":"2026-09-04T14:37:49","date_gmt":"2026-09-04T17:37:49","guid":{"rendered":"https:\/\/acontecenafronteira.com.br\/?p=35221"},"modified":"2026-09-04T14:37:49","modified_gmt":"2026-09-04T17:37:49","slug":"alfaiataria-dos-poderosos-vira-alvo-em-investigacao-no-parana","status":"publish","type":"post","link":"https:\/\/acontecenafronteira.com.br\/index.php\/2026\/09\/04\/alfaiataria-dos-poderosos-vira-alvo-em-investigacao-no-parana\/","title":{"rendered":"Alfaiataria dos poderosos vira alvo em investiga\u00e7\u00e3o no Paran\u00e1"},"content":{"rendered":"<p>Uma sofisticada alfaiataria paulistana, conhecida por vestir figuras de destaque da pol\u00edtica e do empresariado brasileiro, viu seu nome envolvido em um esc\u00e2ndalo nacional nesta quarta-feira (2). O estabelecimento ganhou notoriedade ap\u00f3s o vazamento de uma fotografia, de um terno sob medida e de mensagens direcionadas a Daniel Vorcaro.<\/p>\n<h2>A conex\u00e3o com os neg\u00f3cios bilion\u00e1rios<\/h2>\n<p>O epis\u00f3dio joga luz sobre as complexas redes de relacionamento entre o setor privado e figuras influentes do pa\u00eds. A alfaiataria, que simboliza status e eleg\u00e2ncia nos c\u00edrculos de poder, agora figura no centro de apura\u00e7\u00f5es que envolvem cifras bilion\u00e1rias no estado do Paran\u00e1.<\/p>\n<h3>O impacto da exposi\u00e7\u00e3o p\u00fablica<\/h3>\n<p>Detalhes revelados nas investiga\u00e7\u00f5es mostram que a rotina de exclusividade do estabelecimento foi abruptamente quebrada. A troca de mensagens e a pe\u00e7a de vestu\u00e1rio espec\u00edfica funcionaram como pe\u00e7as-chave para conectar os suspeitos \u00e0s transa\u00e7\u00f5es sob escrut\u00ednio das autoridades competentes.<\/p>\n<p>As autoridades continuam a analisar o material apreendido para entender a profundidade das rela\u00e7\u00f5es comerciais e financeiras que passavam pelo local. A expectativa \u00e9 que novos desdobramentos surjam nas pr\u00f3ximas fases da opera\u00e7\u00e3o em curso.<\/p>\n<p>Este caso refor\u00e7a como at\u00e9 mesmo os redutos mais discretos da alta sociedade podem se tornar alvos de investiga\u00e7\u00f5es de grande magnitude, evidenciando a vigil\u00e2ncia rigorosa sobre transa\u00e7\u00f5es financeiras complexas no Brasil.<\/p>\n<p>Por Reda\u00e7\u00e3o Acontece<\/p>\n<p>Cr\u00e9ditos da imagem: Reprodu\u00e7\u00e3o \/ Redes Sociais<\/p>\n","protected":false},"excerpt":{"rendered":"<p>Uma sofisticada alfaiataria paulistana, conhecida por vestir figuras de destaque da pol\u00edtica e do empresariado brasileiro, viu seu nome envolvido em um esc\u00e2ndalo nacional nesta quarta-feira (2). O estabelecimento ganhou notoriedade ap\u00f3s o vazamento de uma fotografia, de um terno sob medida e de mensagens direcionadas a Daniel Vorcaro. A conex\u00e3o com os neg\u00f3cios bilion\u00e1rios [&hellip;]<\/p>\n","protected":false},"author":0,"featured_media":35226,"comment_status":"open","ping_status":"open","sticky":false,"template":"","format":"standard","meta":{"footnotes":""},"categories":[18],"tags":[],"class_list":["post-35221","post","type-post","status-publish","format-standard","has-post-thumbnail","hentry","category-parana"],"_links":{"self":[{"href":"https:\/\/acontecenafronteira.com.br\/index.php\/wp-json\/wp\/v2\/posts\/35221","targetHints":{"allow":["GET"]}}],"collection":[{"href":"https:\/\/acontecenafronteira.com.br\/index.php\/wp-json\/wp\/v2\/posts"}],"about":[{"href":"https:\/\/acontecenafronteira.com.br\/index.php\/wp-json\/wp\/v2\/types\/post"}],"replies":[{"embeddable":true,"href":"https:\/\/acontecenafronteira.com.br\/index.php\/wp-json\/wp\/v2\/comments?post=35221"}],"version-history":[{"count":1,"href":"https:\/\/acontecenafronteira.com.br\/index.php\/wp-json\/wp\/v2\/posts\/35221\/revisions"}],"predecessor-version":[{"id":35225,"href":"https:\/\/acontecenafronteira.com.br\/index.php\/wp-json\/wp\/v2\/posts\/35221\/revisions\/35225"}],"wp:featuredmedia":[{"embeddable":true,"href":"https:\/\/acontecenafronteira.com.br\/index.php\/wp-json\/wp\/v2\/media\/35226"}],"wp:attachment":[{"href":"https:\/\/acontecenafronteira.com.br\/index.php\/wp-json\/wp\/v2\/media?parent=35221"}],"wp:term":[{"taxonomy":"category","embeddable":true,"href":"https:\/\/acontecenafronteira.com.br\/index.php\/wp-json\/wp\/v2\/categories?post=35221"},{"taxonomy":"post_tag","embeddable":true,"href":"https:\/\/acontecenafronteira.com.br\/index.php\/wp-json\/wp\/v2\/tags?post=35221"}],"curies":[{"name":"wp","href":"https:\/\/api.w.org\/{rel}","templated":true}]}}