{"id":35218,"date":"2026-09-04T14:36:59","date_gmt":"2026-09-04T17:36:59","guid":{"rendered":"https:\/\/acontecenafronteira.com.br\/?p=35218"},"modified":"2026-09-04T14:36:59","modified_gmt":"2026-09-04T17:36:59","slug":"menina-de-7-anos-morre-em-capotamento-no-parana","status":"publish","type":"post","link":"https:\/\/acontecenafronteira.com.br\/index.php\/2026\/09\/04\/menina-de-7-anos-morre-em-capotamento-no-parana\/","title":{"rendered":"Menina de 7 anos morre em capotamento no Paran\u00e1"},"content":{"rendered":"<p>Uma menina de apenas sete anos perdeu a vida em um tr\u00e1gico acidente de tr\u00e2nsito ocorrido na tarde de domingo (30), na Estrada do Oeste, localizada no munic\u00edpio de Marialva, no Paran\u00e1. O ve\u00edculo em que a fam\u00edlia viajava capotou ap\u00f3s o motorista tentar desviar de outro autom\u00f3vel na pista.<\/p>\n<h2>O momento do resgate e a tentativa de socorro<\/h2>\n<p>As equipes de emerg\u00eancia que atenderam a ocorr\u00eancia realizaram manobras de reanima\u00e7\u00e3o cardiopulmonar na v\u00edtima por mais de 40 minutos, infelizmente sem sucesso. Imagens fortes do local mostraram o desespero dos profissionais de sa\u00fade e o momento em que eles precisaram consolar os pais da menina diante da perda irrepar\u00e1vel.<\/p>\n<p>Conforme os levantamentos preliminares feitos no local do acidente, a crian\u00e7a n\u00e3o utilizava o <strong>cinto de seguran\u00e7a<\/strong> no momento da din\u00e2mica, o que provocou a sua eje\u00e7\u00e3o para fora do autom\u00f3vel durante as voltas que o carro deu.<\/p>\n<h2>Outros ocupantes e investiga\u00e7\u00e3o policial<\/h2>\n<p>Al\u00e9m do casal e da v\u00edtima fatal, outras crian\u00e7as que tamb\u00e9m estavam no interior do ve\u00edculo foram resgatadas pelas equipes de socorro. Os demais menores sofreram apenas ferimentos leves e passam bem.<\/p>\n<p>A Pol\u00edcia Militar do Paran\u00e1 esteve presente na rodovia para controlar o fluxo de ve\u00edculos e conduziu os procedimentos de praxe. O pai da menina, que conduzia o carro, realizou o <strong>teste do baf\u00f4metro<\/strong>, cujo resultado descartou completamente o consumo de bebidas alco\u00f3licas antes de dirigir.<\/p>\n<p>Ap\u00f3s os tr\u00e2mites legais no Instituto M\u00e9dico Legal, o corpo da garota foi liberado para os ritos f\u00fanebres. O vel\u00f3rio e o sepultamento ocorreram na segunda-feira (31) na cidade de Sarandi, onde a fam\u00edlia reside.<\/p>\n<p>Por Reda\u00e7\u00e3o Acontece<\/p>\n<p>V\u00eddeo: Rede Massa<\/p>\n","protected":false},"excerpt":{"rendered":"<p>Uma menina de apenas sete anos perdeu a vida em um tr\u00e1gico acidente de tr\u00e2nsito ocorrido na tarde de domingo (30), na Estrada do Oeste, localizada no munic\u00edpio de Marialva, no Paran\u00e1. O ve\u00edculo em que a fam\u00edlia viajava capotou ap\u00f3s o motorista tentar desviar de outro autom\u00f3vel na pista. O momento do resgate e [&hellip;]<\/p>\n","protected":false},"author":0,"featured_media":35220,"comment_status":"open","ping_status":"open","sticky":false,"template":"","format":"standard","meta":{"footnotes":""},"categories":[18],"tags":[],"class_list":["post-35218","post","type-post","status-publish","format-standard","has-post-thumbnail","hentry","category-parana"],"_links":{"self":[{"href":"https:\/\/acontecenafronteira.com.br\/index.php\/wp-json\/wp\/v2\/posts\/35218","targetHints":{"allow":["GET"]}}],"collection":[{"href":"https:\/\/acontecenafronteira.com.br\/index.php\/wp-json\/wp\/v2\/posts"}],"about":[{"href":"https:\/\/acontecenafronteira.com.br\/index.php\/wp-json\/wp\/v2\/types\/post"}],"replies":[{"embeddable":true,"href":"https:\/\/acontecenafronteira.com.br\/index.php\/wp-json\/wp\/v2\/comments?post=35218"}],"version-history":[{"count":1,"href":"https:\/\/acontecenafronteira.com.br\/index.php\/wp-json\/wp\/v2\/posts\/35218\/revisions"}],"predecessor-version":[{"id":35219,"href":"https:\/\/acontecenafronteira.com.br\/index.php\/wp-json\/wp\/v2\/posts\/35218\/revisions\/35219"}],"wp:featuredmedia":[{"embeddable":true,"href":"https:\/\/acontecenafronteira.com.br\/index.php\/wp-json\/wp\/v2\/media\/35220"}],"wp:attachment":[{"href":"https:\/\/acontecenafronteira.com.br\/index.php\/wp-json\/wp\/v2\/media?parent=35218"}],"wp:term":[{"taxonomy":"category","embeddable":true,"href":"https:\/\/acontecenafronteira.com.br\/index.php\/wp-json\/wp\/v2\/categories?post=35218"},{"taxonomy":"post_tag","embeddable":true,"href":"https:\/\/acontecenafronteira.com.br\/index.php\/wp-json\/wp\/v2\/tags?post=35218"}],"curies":[{"name":"wp","href":"https:\/\/api.w.org\/{rel}","templated":true}]}}