{"id":3520,"date":"2021-12-07T14:43:58","date_gmt":"2021-12-07T17:43:58","guid":{"rendered":"https:\/\/acontecenafronteira.com.br\/?p=3520"},"modified":"2021-12-07T14:43:59","modified_gmt":"2021-12-07T17:43:59","slug":"com-medo-de-ser-preso-apos-falsificar-certificado-de-vacina-alemao-mata-toda-a-familia","status":"publish","type":"post","link":"https:\/\/acontecenafronteira.com.br\/index.php\/2021\/12\/07\/com-medo-de-ser-preso-apos-falsificar-certificado-de-vacina-alemao-mata-toda-a-familia\/","title":{"rendered":"Com medo de ser preso ap\u00f3s falsificar certificado de vacina, alem\u00e3o mata toda a fam\u00edlia"},"content":{"rendered":"\n<p>BERLIM, 7 DEZ (ANSA) \u2013 Um professor alem\u00e3o de 40 anos teria matado a esposa e seus tr\u00eas filhos de 4, 8 e 10 anos por \u201ctemer\u201d perder a guarda das crian\u00e7as e ser preso por ter falsificado o certificado de vacina\u00e7\u00e3o contra a Covid-19, informa a m\u00eddia do pa\u00eds nesta ter\u00e7a-feira (7).<\/p>\n\n\n\n<p>O caso chocante aconteceu no \u00faltimo s\u00e1bado (4), quando vizinhos chamaram a pol\u00edcia de K\u00f6nigs Wusterhausen, no estado de Brandemburgo, ap\u00f3s ouvirem tiros na resid\u00eancia. Ao chegarem no local, os agentes encontraram toda a fam\u00edlia morta.<\/p>\n\n\n\n<p>Ainda no mesmo dia, as autoridades emitiram uma nota oficial informando que as v\u00edtimas tinham marcas de esfaqueamento e tiros, mas que n\u00e3o havia sinais de que a casa teria sido invadida. No entanto, horas depois, retificaram a informa\u00e7\u00e3o e disseram que todos foram mortos por arma de fogo.<\/p>\n\n\n\n<p>Nesta ter\u00e7a, a ag\u00eancia de not\u00edcias DPA publicou uma declara\u00e7\u00e3o do promotor p\u00fablico Gernot Bantleon em que ele informa que a pol\u00edcia encontrou uma carta, assinada pelo homem, assumindo os m\u00faltiplos homic\u00eddios e seu suic\u00eddio.<\/p>\n\n\n\n<p>Segundo relatou Bantleon, o professor afirmou que o dono do local onde a esposa trabalha descobriu que ela falsificou o certificado de vacina\u00e7\u00e3o. Por isso, ele come\u00e7ou a temer que ele e a mulher fossem presos e perdessem a guarda dos filhos. Ent\u00e3o, decidiu matar todos.<\/p>\n\n\n\n<p>Os agentes encontraram um rev\u00f3lver na casa, mas ainda n\u00e3o tem os resultados da per\u00edcia para definir se essa foi a arma do crime.<\/p>\n\n\n\n<p>A investiga\u00e7\u00e3o segue para descobrir se essa foi realmente a motiva\u00e7\u00e3o dos assassinatos. (ANSA).<\/p>\n\n\n\n<p>via ISTO\u00c9<\/p>\n","protected":false},"excerpt":{"rendered":"<p>BERLIM, 7 DEZ (ANSA) \u2013 Um professor alem\u00e3o de 40 anos teria matado a esposa e seus tr\u00eas filhos de 4, 8 e 10 anos por \u201ctemer\u201d perder a guarda das crian\u00e7as e ser preso por ter falsificado o certificado de vacina\u00e7\u00e3o contra a Covid-19, informa a m\u00eddia do pa\u00eds nesta ter\u00e7a-feira (7). O caso [&hellip;]<\/p>\n","protected":false},"author":2,"featured_media":3521,"comment_status":"open","ping_status":"open","sticky":false,"template":"","format":"standard","meta":{"om_disable_all_campaigns":false,"_monsterinsights_skip_tracking":false,"_monsterinsights_sitenote_active":false,"_monsterinsights_sitenote_note":"","_monsterinsights_sitenote_category":0,"footnotes":""},"categories":[1],"tags":[],"class_list":["post-3520","post","type-post","status-publish","format-standard","has-post-thumbnail","hentry","category-sem-categoria"],"_links":{"self":[{"href":"https:\/\/acontecenafronteira.com.br\/index.php\/wp-json\/wp\/v2\/posts\/3520","targetHints":{"allow":["GET"]}}],"collection":[{"href":"https:\/\/acontecenafronteira.com.br\/index.php\/wp-json\/wp\/v2\/posts"}],"about":[{"href":"https:\/\/acontecenafronteira.com.br\/index.php\/wp-json\/wp\/v2\/types\/post"}],"author":[{"embeddable":true,"href":"https:\/\/acontecenafronteira.com.br\/index.php\/wp-json\/wp\/v2\/users\/2"}],"replies":[{"embeddable":true,"href":"https:\/\/acontecenafronteira.com.br\/index.php\/wp-json\/wp\/v2\/comments?post=3520"}],"version-history":[{"count":1,"href":"https:\/\/acontecenafronteira.com.br\/index.php\/wp-json\/wp\/v2\/posts\/3520\/revisions"}],"predecessor-version":[{"id":3522,"href":"https:\/\/acontecenafronteira.com.br\/index.php\/wp-json\/wp\/v2\/posts\/3520\/revisions\/3522"}],"wp:featuredmedia":[{"embeddable":true,"href":"https:\/\/acontecenafronteira.com.br\/index.php\/wp-json\/wp\/v2\/media\/3521"}],"wp:attachment":[{"href":"https:\/\/acontecenafronteira.com.br\/index.php\/wp-json\/wp\/v2\/media?parent=3520"}],"wp:term":[{"taxonomy":"category","embeddable":true,"href":"https:\/\/acontecenafronteira.com.br\/index.php\/wp-json\/wp\/v2\/categories?post=3520"},{"taxonomy":"post_tag","embeddable":true,"href":"https:\/\/acontecenafronteira.com.br\/index.php\/wp-json\/wp\/v2\/tags?post=3520"}],"curies":[{"name":"wp","href":"https:\/\/api.w.org\/{rel}","templated":true}]}}