{"id":35191,"date":"2026-09-04T12:36:22","date_gmt":"2026-09-04T15:36:22","guid":{"rendered":"https:\/\/acontecenafronteira.com.br\/?p=35191"},"modified":"2026-09-04T12:36:22","modified_gmt":"2026-09-04T15:36:22","slug":"7-de-setembro-em-brasilia-atos-e-desfile-tem-seguranca-reforcada","status":"publish","type":"post","link":"https:\/\/acontecenafronteira.com.br\/index.php\/2026\/09\/04\/7-de-setembro-em-brasilia-atos-e-desfile-tem-seguranca-reforcada\/","title":{"rendered":"7 de Setembro em Bras\u00edlia: atos e desfile t\u00eam seguran\u00e7a refor\u00e7ada"},"content":{"rendered":"<p>As autoridades de seguran\u00e7a do Distrito Federal est\u00e3o monitorando de perto todas as mobiliza\u00e7\u00f5es e o tradicional desfile c\u00edvico previstos para o feriado de 7 de Setembro na Esplanada dos Minist\u00e9rios. O planejamento envolve intelig\u00eancia ativa e tecnologia de ponta para garantir a ordem p\u00fablica.<\/p>\n<h2>Esquema de seguran\u00e7a e intelig\u00eancia no DF<\/h2>\n<p>O secret\u00e1rio de Seguran\u00e7a P\u00fablica do Distrito Federal, Alexandre Patury, confirmou que cada ato convocado para a data est\u00e1 sob fiscaliza\u00e7\u00e3o, independentemente de registro oficial. A opera\u00e7\u00e3o conta com m\u00faltiplas linhas de revista pessoal e o suporte tecnol\u00f3gico do programa DF360, que utiliza c\u00e2meras com reconhecimento facial em tempo real nos acessos \u00e0 Esplanada.<\/p>\n<p>Caso seja necess\u00e1rio, o per\u00edmetro de seguran\u00e7a poder\u00e1 ser ampliado de forma imediata. O p\u00fablico que acompanhar o desfile c\u00edvico \u2014 com in\u00edcio marcado para as 9h e encerramento estimado \u00e0s 11h \u2014 passar\u00e1 por pontos espec\u00edficos de entrada na regi\u00e3o central, com aberturas de arquibancadas programadas para as 6h da manh\u00e3.<\/p>\n<h2>Manifesta\u00e7\u00f5es e atos pol\u00edticos previstos<\/h2>\n<p>Pelo menos quatro atos p\u00fablicos est\u00e3o agendados para ocorrer durante o feriado nacional na capital federal, reunindo diferentes correntes ideol\u00f3gicas e pautas sociais.<\/p>\n<p>A primeira concentra\u00e7\u00e3o ocorre \u00e0s 9h em frente ao Banco Central, convocada pelo candidato ao Senado Sebasti\u00e3o Coelho (Novo), com foco em cr\u00edticas ao ministro do STF Alexandre de Moraes. Logo depois, \u00e0s 10h, a Funarte abriga um protesto com o mote &#8220;Fora Moraes e Lula&#8221;, organizado atrav\u00e9s das redes sociais.<\/p>\n<h2>Movimentos sociais e culturais<\/h2>\n<p>Al\u00e9m dos atos pol\u00edticos, a capital recebe pautas tradicionais de reivindica\u00e7\u00e3o social. A Pra\u00e7a Zumbi dos Palmares sedia o 32\u00ba Grito dos Exclu\u00eddos a partir das 9h, com estimativa de 400 participantes e o lema &#8220;Vida em primeiro lugar!&#8221;.<\/p>\n<p>Mais tarde, ao meio-dia, a W3 Sul recebe a Marcha das Religi\u00f5es e Culturas Afro-Brasileiras, que projeta reunir cerca de 1 mil pessoas. As for\u00e7as de seguran\u00e7a seguem de prontid\u00e3o para garantir que todos os eventos ocorram dentro da normalidade democr\u00e1tica.<\/p>\n<p>Por Reda\u00e7\u00e3o Acontece<\/p>\n<p>Foto: Ag\u00eancia Bras\u00edlia \/ Divulga\u00e7\u00e3o<\/p>\n","protected":false},"excerpt":{"rendered":"<p>As autoridades de seguran\u00e7a do Distrito Federal est\u00e3o monitorando de perto todas as mobiliza\u00e7\u00f5es e o tradicional desfile c\u00edvico previstos para o feriado de 7 de Setembro na Esplanada dos Minist\u00e9rios. O planejamento envolve intelig\u00eancia ativa e tecnologia de ponta para garantir a ordem p\u00fablica. Esquema de seguran\u00e7a e intelig\u00eancia no DF O secret\u00e1rio de [&hellip;]<\/p>\n","protected":false},"author":0,"featured_media":35196,"comment_status":"open","ping_status":"open","sticky":false,"template":"","format":"standard","meta":{"footnotes":""},"categories":[6],"tags":[],"class_list":["post-35191","post","type-post","status-publish","format-standard","has-post-thumbnail","hentry","category-mercosul"],"_links":{"self":[{"href":"https:\/\/acontecenafronteira.com.br\/index.php\/wp-json\/wp\/v2\/posts\/35191","targetHints":{"allow":["GET"]}}],"collection":[{"href":"https:\/\/acontecenafronteira.com.br\/index.php\/wp-json\/wp\/v2\/posts"}],"about":[{"href":"https:\/\/acontecenafronteira.com.br\/index.php\/wp-json\/wp\/v2\/types\/post"}],"replies":[{"embeddable":true,"href":"https:\/\/acontecenafronteira.com.br\/index.php\/wp-json\/wp\/v2\/comments?post=35191"}],"version-history":[{"count":1,"href":"https:\/\/acontecenafronteira.com.br\/index.php\/wp-json\/wp\/v2\/posts\/35191\/revisions"}],"predecessor-version":[{"id":35195,"href":"https:\/\/acontecenafronteira.com.br\/index.php\/wp-json\/wp\/v2\/posts\/35191\/revisions\/35195"}],"wp:featuredmedia":[{"embeddable":true,"href":"https:\/\/acontecenafronteira.com.br\/index.php\/wp-json\/wp\/v2\/media\/35196"}],"wp:attachment":[{"href":"https:\/\/acontecenafronteira.com.br\/index.php\/wp-json\/wp\/v2\/media?parent=35191"}],"wp:term":[{"taxonomy":"category","embeddable":true,"href":"https:\/\/acontecenafronteira.com.br\/index.php\/wp-json\/wp\/v2\/categories?post=35191"},{"taxonomy":"post_tag","embeddable":true,"href":"https:\/\/acontecenafronteira.com.br\/index.php\/wp-json\/wp\/v2\/tags?post=35191"}],"curies":[{"name":"wp","href":"https:\/\/api.w.org\/{rel}","templated":true}]}}