{"id":35043,"date":"2026-09-04T08:37:29","date_gmt":"2026-09-04T11:37:29","guid":{"rendered":"https:\/\/acontecenafronteira.com.br\/?p=35043"},"modified":"2026-09-04T08:37:29","modified_gmt":"2026-09-04T11:37:29","slug":"augusto-cury-revela-estrategia-apos-crescer-na-quaest","status":"publish","type":"post","link":"https:\/\/acontecenafronteira.com.br\/index.php\/2026\/09\/04\/augusto-cury-revela-estrategia-apos-crescer-na-quaest\/","title":{"rendered":"Augusto Cury revela estrat\u00e9gia ap\u00f3s crescer na Quaest"},"content":{"rendered":"<p>O psiquiatra e escritor Augusto Cury registrou um salto expressivo nas inten\u00e7\u00f5es de voto, subindo de 2% para 10% na pesquisa Quaest em apenas duas semanas de pr\u00e9-campanha.<\/p>\n<p>H2 O desafio de manter o ritmo de crescimento H3<\/p>\n<p>Diante desse avan\u00e7o repentino, a equipe do candidato passou a debater os pr\u00f3ximos passos para evitar a estagna\u00e7\u00e3o do eleitorado conquistado recentemente.<\/p>\n<p>H2 As duas frentes da estrat\u00e9gia de curto prazo H3<\/p>\n<p>Para superar a barreira dos 10% e ampliar sua base de apoio, o plano tra\u00e7ado para os pr\u00f3ximos dias baseia-se fundamentalmente em duas frentes de atua\u00e7\u00e3o pol\u00edtica.<\/p>\n<p>Os bastidores da campanha indicam que a movimenta\u00e7\u00e3o visa consolidar a imagem p\u00fablica do autor e atrair novos eleitores antes das pr\u00f3ximas divulga\u00e7\u00f5es de institutos de pesquisa.<\/p>\n<p>A continuidade desse projeto pol\u00edtico exigir\u00e1 articula\u00e7\u00e3o constante e ajustes r\u00e1pidos na comunica\u00e7\u00e3o com o eleitorado nos centros urbanos.<\/p>\n<p>Por Reda\u00e7\u00e3o Acontece<\/p>\n<p>Cr\u00e9dito da imagem: Divulga\u00e7\u00e3o<\/p>\n","protected":false},"excerpt":{"rendered":"<p>O psiquiatra e escritor Augusto Cury registrou um salto expressivo nas inten\u00e7\u00f5es de voto, subindo de 2% para 10% na pesquisa Quaest em apenas duas semanas de pr\u00e9-campanha. H2 O desafio de manter o ritmo de crescimento H3 Diante desse avan\u00e7o repentino, a equipe do candidato passou a debater os pr\u00f3ximos passos para evitar a [&hellip;]<\/p>\n","protected":false},"author":0,"featured_media":35048,"comment_status":"open","ping_status":"open","sticky":false,"template":"","format":"standard","meta":{"footnotes":""},"categories":[28],"tags":[],"class_list":["post-35043","post","type-post","status-publish","format-standard","has-post-thumbnail","hentry","category-mundo"],"_links":{"self":[{"href":"https:\/\/acontecenafronteira.com.br\/index.php\/wp-json\/wp\/v2\/posts\/35043","targetHints":{"allow":["GET"]}}],"collection":[{"href":"https:\/\/acontecenafronteira.com.br\/index.php\/wp-json\/wp\/v2\/posts"}],"about":[{"href":"https:\/\/acontecenafronteira.com.br\/index.php\/wp-json\/wp\/v2\/types\/post"}],"replies":[{"embeddable":true,"href":"https:\/\/acontecenafronteira.com.br\/index.php\/wp-json\/wp\/v2\/comments?post=35043"}],"version-history":[{"count":1,"href":"https:\/\/acontecenafronteira.com.br\/index.php\/wp-json\/wp\/v2\/posts\/35043\/revisions"}],"predecessor-version":[{"id":35047,"href":"https:\/\/acontecenafronteira.com.br\/index.php\/wp-json\/wp\/v2\/posts\/35043\/revisions\/35047"}],"wp:featuredmedia":[{"embeddable":true,"href":"https:\/\/acontecenafronteira.com.br\/index.php\/wp-json\/wp\/v2\/media\/35048"}],"wp:attachment":[{"href":"https:\/\/acontecenafronteira.com.br\/index.php\/wp-json\/wp\/v2\/media?parent=35043"}],"wp:term":[{"taxonomy":"category","embeddable":true,"href":"https:\/\/acontecenafronteira.com.br\/index.php\/wp-json\/wp\/v2\/categories?post=35043"},{"taxonomy":"post_tag","embeddable":true,"href":"https:\/\/acontecenafronteira.com.br\/index.php\/wp-json\/wp\/v2\/tags?post=35043"}],"curies":[{"name":"wp","href":"https:\/\/api.w.org\/{rel}","templated":true}]}}