{"id":35035,"date":"2026-09-04T08:37:23","date_gmt":"2026-09-04T11:37:23","guid":{"rendered":"https:\/\/acontecenafronteira.com.br\/?p=35035"},"modified":"2026-09-04T08:37:23","modified_gmt":"2026-09-04T11:37:23","slug":"pf-aponta-vies-de-mendonca-e-cita-alcolumbre-como-alvo","status":"publish","type":"post","link":"https:\/\/acontecenafronteira.com.br\/index.php\/2026\/09\/04\/pf-aponta-vies-de-mendonca-e-cita-alcolumbre-como-alvo\/","title":{"rendered":"PF aponta vi\u00e9s de Mendon\u00e7a e cita Alcolumbre como alvo"},"content":{"rendered":"<p>A Pol\u00edcia Federal identificou ind\u00edcios de conduta desigual por parte do ministro Andr\u00e9 Mendon\u00e7a na administra\u00e7\u00e3o de inqu\u00e9ritos envolvendo figuras p\u00fablicas. Entre os apontamentos, a corpora\u00e7\u00e3o destacou o senador Davi Alcolumbre como um alvo estrat\u00e9gico nas apura\u00e7\u00f5es.<\/p>\n<h2>O avan\u00e7o das investiga\u00e7\u00f5es na corpora\u00e7\u00e3o<\/h2>\n<p>De acordo com os relat\u00f3rios elaborados pelos investigadores, a condu\u00e7\u00e3o dos processos sob a tutela do magistrado apresentou assimetrias na forma como diferentes investigados foram tratados ao longo do andamento processual.<\/p>\n<h2>O papel estrat\u00e9gico de Davi Alcolumbre<\/h2>\n<p>No centro das an\u00e1lises da corpora\u00e7\u00e3o, o nome do parlamentar surge classificado de maneira espec\u00edfica. Os documentos apontam que o senador figurava como pe\u00e7a central e estrat\u00e9gica dentro do escopo das dilig\u00eancias conduzidas.<\/p>\n<p>A corpora\u00e7\u00e3o policial segue analisando os desdobramentos desses inqu\u00e9ritos e a forma como os tr\u00e2mites jur\u00eddicos t\u00eam sido orientados nas inst\u00e2ncias superiores de justi\u00e7a do pa\u00eds.<\/p>\n<p>Por Reda\u00e7\u00e3o Acontece<\/p>\n<p>Cr\u00e9ditos da imagem: Divulga\u00e7\u00e3o\/PF<\/p>\n","protected":false},"excerpt":{"rendered":"<p>A Pol\u00edcia Federal identificou ind\u00edcios de conduta desigual por parte do ministro Andr\u00e9 Mendon\u00e7a na administra\u00e7\u00e3o de inqu\u00e9ritos envolvendo figuras p\u00fablicas. Entre os apontamentos, a corpora\u00e7\u00e3o destacou o senador Davi Alcolumbre como um alvo estrat\u00e9gico nas apura\u00e7\u00f5es. O avan\u00e7o das investiga\u00e7\u00f5es na corpora\u00e7\u00e3o De acordo com os relat\u00f3rios elaborados pelos investigadores, a condu\u00e7\u00e3o dos processos [&hellip;]<\/p>\n","protected":false},"author":0,"featured_media":35042,"comment_status":"open","ping_status":"open","sticky":false,"template":"","format":"standard","meta":{"footnotes":""},"categories":[18],"tags":[],"class_list":["post-35035","post","type-post","status-publish","format-standard","has-post-thumbnail","hentry","category-parana"],"_links":{"self":[{"href":"https:\/\/acontecenafronteira.com.br\/index.php\/wp-json\/wp\/v2\/posts\/35035","targetHints":{"allow":["GET"]}}],"collection":[{"href":"https:\/\/acontecenafronteira.com.br\/index.php\/wp-json\/wp\/v2\/posts"}],"about":[{"href":"https:\/\/acontecenafronteira.com.br\/index.php\/wp-json\/wp\/v2\/types\/post"}],"replies":[{"embeddable":true,"href":"https:\/\/acontecenafronteira.com.br\/index.php\/wp-json\/wp\/v2\/comments?post=35035"}],"version-history":[{"count":1,"href":"https:\/\/acontecenafronteira.com.br\/index.php\/wp-json\/wp\/v2\/posts\/35035\/revisions"}],"predecessor-version":[{"id":35041,"href":"https:\/\/acontecenafronteira.com.br\/index.php\/wp-json\/wp\/v2\/posts\/35035\/revisions\/35041"}],"wp:featuredmedia":[{"embeddable":true,"href":"https:\/\/acontecenafronteira.com.br\/index.php\/wp-json\/wp\/v2\/media\/35042"}],"wp:attachment":[{"href":"https:\/\/acontecenafronteira.com.br\/index.php\/wp-json\/wp\/v2\/media?parent=35035"}],"wp:term":[{"taxonomy":"category","embeddable":true,"href":"https:\/\/acontecenafronteira.com.br\/index.php\/wp-json\/wp\/v2\/categories?post=35035"},{"taxonomy":"post_tag","embeddable":true,"href":"https:\/\/acontecenafronteira.com.br\/index.php\/wp-json\/wp\/v2\/tags?post=35035"}],"curies":[{"name":"wp","href":"https:\/\/api.w.org\/{rel}","templated":true}]}}