{"id":35034,"date":"2026-09-04T08:37:16","date_gmt":"2026-09-04T11:37:16","guid":{"rendered":"https:\/\/acontecenafronteira.com.br\/?p=35034"},"modified":"2026-09-04T08:37:16","modified_gmt":"2026-09-04T11:37:16","slug":"oab-cascavel-cobra-rigor-em-pericias-do-inss","status":"publish","type":"post","link":"https:\/\/acontecenafronteira.com.br\/index.php\/2026\/09\/04\/oab-cascavel-cobra-rigor-em-pericias-do-inss\/","title":{"rendered":"OAB Cascavel cobra rigor em per\u00edcias do INSS"},"content":{"rendered":"<p>A subse\u00e7\u00e3o da OAB em Cascavel, por interm\u00e9dio de sua Comiss\u00e3o de Direito Previdenci\u00e1rio, realizou um encontro estrat\u00e9gico na \u00faltima quarta-feira (2) com autoridades da Justi\u00e7a Federal. O objetivo principal foi debater as recorrentes falhas e gargalos enfrentados pelos segurados durante a realiza\u00e7\u00e3o de avalia\u00e7\u00f5es m\u00e9dicas e sociais para concess\u00e3o de benef\u00edcios.<\/p>\n<h2>A necessidade de avalia\u00e7\u00f5es personalizadas<\/h2>\n<p>Durante a reuni\u00e3o, os representantes da advocacia enfatizaram que o modelo atual de an\u00e1lise pericial muitas vezes carece de profundidade. Foi exigido um posicionamento mais firme que assegure a individualiza\u00e7\u00e3o de cada caso, combatendo an\u00e1lises gen\u00e9ricas que podem prejudicar cidad\u00e3os em situa\u00e7\u00e3o de vulnerabilidade.<\/p>\n<h2>Impacto nos direitos dos segurados<\/h2>\n<p>O debate tamb\u00e9m abordou os preju\u00edzos causados \u00e0 popula\u00e7\u00e3o que depende do Instituto Nacional do Seguro Social (INSS). A falta de crit\u00e9rios adequados nas avalia\u00e7\u00f5es resulta em um alto \u00edndice de negativa de direitos leg\u00edtimos, sobrecarregando o Poder Judici\u00e1rio com a\u00e7\u00f5es desnecess\u00e1rias.<\/p>\n<p>O di\u00e1logo entre as institui\u00e7\u00f5es busca estabelecer diretrizes mais humanizadas e precisas. A expectativa da classe jur\u00eddica \u00e9 que o alinhamento com a Justi\u00e7a Federal resulte em melhorias pr\u00e1ticas no atendimento e na concess\u00e3o correta dos benef\u00edcos previdenci\u00e1rios na regi\u00e3o.<\/p>\n<p>Por Reda\u00e7\u00e3o Acontece<\/p>\n<p>Cr\u00e9ditos da imagem: Divulga\u00e7\u00e3o\/OAB Cascavel<\/p>\n","protected":false},"excerpt":{"rendered":"<p>A subse\u00e7\u00e3o da OAB em Cascavel, por interm\u00e9dio de sua Comiss\u00e3o de Direito Previdenci\u00e1rio, realizou um encontro estrat\u00e9gico na \u00faltima quarta-feira (2) com autoridades da Justi\u00e7a Federal. O objetivo principal foi debater as recorrentes falhas e gargalos enfrentados pelos segurados durante a realiza\u00e7\u00e3o de avalia\u00e7\u00f5es m\u00e9dicas e sociais para concess\u00e3o de benef\u00edcios. A necessidade de [&hellip;]<\/p>\n","protected":false},"author":0,"featured_media":35040,"comment_status":"open","ping_status":"open","sticky":false,"template":"","format":"standard","meta":{"footnotes":""},"categories":[18],"tags":[],"class_list":["post-35034","post","type-post","status-publish","format-standard","has-post-thumbnail","hentry","category-parana"],"_links":{"self":[{"href":"https:\/\/acontecenafronteira.com.br\/index.php\/wp-json\/wp\/v2\/posts\/35034","targetHints":{"allow":["GET"]}}],"collection":[{"href":"https:\/\/acontecenafronteira.com.br\/index.php\/wp-json\/wp\/v2\/posts"}],"about":[{"href":"https:\/\/acontecenafronteira.com.br\/index.php\/wp-json\/wp\/v2\/types\/post"}],"replies":[{"embeddable":true,"href":"https:\/\/acontecenafronteira.com.br\/index.php\/wp-json\/wp\/v2\/comments?post=35034"}],"version-history":[{"count":1,"href":"https:\/\/acontecenafronteira.com.br\/index.php\/wp-json\/wp\/v2\/posts\/35034\/revisions"}],"predecessor-version":[{"id":35039,"href":"https:\/\/acontecenafronteira.com.br\/index.php\/wp-json\/wp\/v2\/posts\/35034\/revisions\/35039"}],"wp:featuredmedia":[{"embeddable":true,"href":"https:\/\/acontecenafronteira.com.br\/index.php\/wp-json\/wp\/v2\/media\/35040"}],"wp:attachment":[{"href":"https:\/\/acontecenafronteira.com.br\/index.php\/wp-json\/wp\/v2\/media?parent=35034"}],"wp:term":[{"taxonomy":"category","embeddable":true,"href":"https:\/\/acontecenafronteira.com.br\/index.php\/wp-json\/wp\/v2\/categories?post=35034"},{"taxonomy":"post_tag","embeddable":true,"href":"https:\/\/acontecenafronteira.com.br\/index.php\/wp-json\/wp\/v2\/tags?post=35034"}],"curies":[{"name":"wp","href":"https:\/\/api.w.org\/{rel}","templated":true}]}}