{"id":35033,"date":"2026-09-04T08:37:12","date_gmt":"2026-09-04T11:37:12","guid":{"rendered":"https:\/\/acontecenafronteira.com.br\/?p=35033"},"modified":"2026-09-04T08:37:12","modified_gmt":"2026-09-04T11:37:12","slug":"senado-aprova-novo-marco-legal-do-seguro-rural-no-brasil","status":"publish","type":"post","link":"https:\/\/acontecenafronteira.com.br\/index.php\/2026\/09\/04\/senado-aprova-novo-marco-legal-do-seguro-rural-no-brasil\/","title":{"rendered":"Senado aprova novo marco legal do seguro rural no Brasil"},"content":{"rendered":"<p>O Plen\u00e1rio do Senado Federal aprovou nesta ter\u00e7a-feira (3) o Projeto de Lei 2.951\/2024, iniciativa que define uma legisla\u00e7\u00e3o in\u00e9dita e moderna para o <strong>Seguro Rural<\/strong> em territ\u00f3rio nacional. A medida tem como objetivo principal otimizar o <strong>Programa de Subven\u00e7\u00e3o ao Pr\u00eamio do Seguro Rural (PSR)<\/strong>, oferecendo maior seguran\u00e7a jur\u00eddica e financeira para os produtores do campo que enfrentam constantes perdas clim\u00e1ticas.<\/p>\n<h2>Mudan\u00e7as estruturais no setor agr\u00edcola<\/h2>\n<p>Com a aprova\u00e7\u00e3o da nova normativa, o governo busca ampliar a participa\u00e7\u00e3o das seguradoras privadas no mercado agropecu\u00e1rio. A proposta moderniza os crit\u00e9rios de funcionamento do sistema de prote\u00e7\u00e3o no campo e agiliza o pagamento de indeniza\u00e7\u00f5es aos agricultores afetados por intemp\u00e9ries, garantindo a continuidade da produ\u00e7\u00e3o de alimentos e a estabilidade econ\u00f4mica nas zonas rurais.<\/p>\n<h2>Pr\u00f3ximos passos da proposta legislativa<\/h2>\n<p>Ap\u00f3s a aprova\u00e7\u00e3o un\u00e2nime pelos senadores, o texto do projeto segue agora diretamente para a san\u00e7\u00e3o do presidente da Rep\u00fablica. Especialistas avaliam que a san\u00e7\u00e3o sem vetos ser\u00e1 crucial para consolidar o novo modelo ainda antes do in\u00edcio do pr\u00f3ximo ciclo de plantio, injetando mais confian\u00e7a no agroneg\u00f3cio brasileiro.<\/p>\n<p>Por Reda\u00e7\u00e3o Acontece<\/p>\n<p>Cr\u00e9ditos da imagem: Ag\u00eancia Senado \/ Divulga\u00e7\u00e3o<\/p>\n","protected":false},"excerpt":{"rendered":"<p>O Plen\u00e1rio do Senado Federal aprovou nesta ter\u00e7a-feira (3) o Projeto de Lei 2.951\/2024, iniciativa que define uma legisla\u00e7\u00e3o in\u00e9dita e moderna para o Seguro Rural em territ\u00f3rio nacional. A medida tem como objetivo principal otimizar o Programa de Subven\u00e7\u00e3o ao Pr\u00eamio do Seguro Rural (PSR), oferecendo maior seguran\u00e7a jur\u00eddica e financeira para os produtores [&hellip;]<\/p>\n","protected":false},"author":0,"featured_media":35038,"comment_status":"open","ping_status":"open","sticky":false,"template":"","format":"standard","meta":{"footnotes":""},"categories":[18],"tags":[],"class_list":["post-35033","post","type-post","status-publish","format-standard","has-post-thumbnail","hentry","category-parana"],"_links":{"self":[{"href":"https:\/\/acontecenafronteira.com.br\/index.php\/wp-json\/wp\/v2\/posts\/35033","targetHints":{"allow":["GET"]}}],"collection":[{"href":"https:\/\/acontecenafronteira.com.br\/index.php\/wp-json\/wp\/v2\/posts"}],"about":[{"href":"https:\/\/acontecenafronteira.com.br\/index.php\/wp-json\/wp\/v2\/types\/post"}],"replies":[{"embeddable":true,"href":"https:\/\/acontecenafronteira.com.br\/index.php\/wp-json\/wp\/v2\/comments?post=35033"}],"version-history":[{"count":1,"href":"https:\/\/acontecenafronteira.com.br\/index.php\/wp-json\/wp\/v2\/posts\/35033\/revisions"}],"predecessor-version":[{"id":35037,"href":"https:\/\/acontecenafronteira.com.br\/index.php\/wp-json\/wp\/v2\/posts\/35033\/revisions\/35037"}],"wp:featuredmedia":[{"embeddable":true,"href":"https:\/\/acontecenafronteira.com.br\/index.php\/wp-json\/wp\/v2\/media\/35038"}],"wp:attachment":[{"href":"https:\/\/acontecenafronteira.com.br\/index.php\/wp-json\/wp\/v2\/media?parent=35033"}],"wp:term":[{"taxonomy":"category","embeddable":true,"href":"https:\/\/acontecenafronteira.com.br\/index.php\/wp-json\/wp\/v2\/categories?post=35033"},{"taxonomy":"post_tag","embeddable":true,"href":"https:\/\/acontecenafronteira.com.br\/index.php\/wp-json\/wp\/v2\/tags?post=35033"}],"curies":[{"name":"wp","href":"https:\/\/api.w.org\/{rel}","templated":true}]}}