{"id":35027,"date":"2026-09-04T08:36:17","date_gmt":"2026-09-04T11:36:17","guid":{"rendered":"https:\/\/acontecenafronteira.com.br\/?p=35027"},"modified":"2026-09-04T08:36:17","modified_gmt":"2026-09-04T11:36:17","slug":"balao-com-tocha-atinge-faculdade-em-curitiba-e-gera-susto","status":"publish","type":"post","link":"https:\/\/acontecenafronteira.com.br\/index.php\/2026\/09\/04\/balao-com-tocha-atinge-faculdade-em-curitiba-e-gera-susto\/","title":{"rendered":"Bal\u00e3o com tocha atinge faculdade em Curitiba e gera susto"},"content":{"rendered":"<p>Um <strong>princ\u00edpio de inc\u00eandio<\/strong> mobilizou funcion\u00e1rios e autoridades em uma institui\u00e7\u00e3o de ensino superior localizada no bairro Gua\u00edra, na capital paranaense, na noite da \u00faltima quinta-feira (3). O incidente ocorreu ap\u00f3s um <strong>bal\u00e3o com tocha<\/strong> despencar sobre a cobertura do estabelecimento.<\/p>\n<h2>A\u00e7\u00e3o r\u00e1pida da brigada evitou trag\u00e9dia<\/h2>\n<p>O artefato a\u00e9reo atingiu diretamente a \u00e1rea externa que serve de cobertura para os departamentos de Psicologia e Medicina da institui\u00e7\u00e3o acad\u00eamica. Com a queda, a tocha acabou se soltando do objeto e alcan\u00e7ou um barrac\u00e3o que funcionava como dep\u00f3sito, gerando a combust\u00e3o de insumos guardados no local.<\/p>\n<p>Gra\u00e7as \u00e0 interven\u00e7\u00e3o imediata da <strong>brigada de inc\u00eandio<\/strong> pr\u00f3pria da faculdade, o fogo foi controlado com agilidade antes mesmo da chegada das equipes oficiais de socorro. O <strong>Corpo de Bombeiros<\/strong> compareceu ao endere\u00e7o para realizar o rescaldo, constatando que as chamas n\u00e3o comprometeram a estrutura f\u00edsica do pr\u00e9dio.<\/p>\n<h2>Alerta de motociclista e legisla\u00e7\u00e3o ambiental<\/h2>\n<p>O alerta sobre a queda do objeto veio de um <strong>motociclista<\/strong> que trafegava pelas imedia\u00e7\u00f5es e notou a trajet\u00f3ria do artefato, avisando imediatamente os colaboradores da faculdade. Apesar da gravidade potencial do ocorrido e da presen\u00e7a de materiais inflam\u00e1veis no dep\u00f3sito atingido, <strong>ningu\u00e9m ficou ferido<\/strong>.<\/p>\n<p>Vale destacar que a soltura de bal\u00f5es \u00e9 uma pr\u00e1tica ilegal no pa\u00eds. De acordo com a <strong>Lei de Crimes Ambientais<\/strong> (n\u00ba 9.605\/1998), fabricar, comercializar, transportar ou soltar bal\u00f5es capazes de provocar inc\u00eandios constitui crime, com penas que variam de um a tr\u00eas anos de deten\u00e7\u00e3o, al\u00e9m de aplica\u00e7\u00e3o de multas.<\/p>\n<p>Por Reda\u00e7\u00e3o Acontece<\/p>\n<p>Foto: Divulga\u00e7\u00e3o\/Bombeiros<\/p>\n","protected":false},"excerpt":{"rendered":"<p>Um princ\u00edpio de inc\u00eandio mobilizou funcion\u00e1rios e autoridades em uma institui\u00e7\u00e3o de ensino superior localizada no bairro Gua\u00edra, na capital paranaense, na noite da \u00faltima quinta-feira (3). O incidente ocorreu ap\u00f3s um bal\u00e3o com tocha despencar sobre a cobertura do estabelecimento. A\u00e7\u00e3o r\u00e1pida da brigada evitou trag\u00e9dia O artefato a\u00e9reo atingiu diretamente a \u00e1rea externa [&hellip;]<\/p>\n","protected":false},"author":0,"featured_media":35031,"comment_status":"open","ping_status":"open","sticky":false,"template":"","format":"standard","meta":{"footnotes":""},"categories":[18],"tags":[],"class_list":["post-35027","post","type-post","status-publish","format-standard","has-post-thumbnail","hentry","category-parana"],"_links":{"self":[{"href":"https:\/\/acontecenafronteira.com.br\/index.php\/wp-json\/wp\/v2\/posts\/35027","targetHints":{"allow":["GET"]}}],"collection":[{"href":"https:\/\/acontecenafronteira.com.br\/index.php\/wp-json\/wp\/v2\/posts"}],"about":[{"href":"https:\/\/acontecenafronteira.com.br\/index.php\/wp-json\/wp\/v2\/types\/post"}],"replies":[{"embeddable":true,"href":"https:\/\/acontecenafronteira.com.br\/index.php\/wp-json\/wp\/v2\/comments?post=35027"}],"version-history":[{"count":1,"href":"https:\/\/acontecenafronteira.com.br\/index.php\/wp-json\/wp\/v2\/posts\/35027\/revisions"}],"predecessor-version":[{"id":35030,"href":"https:\/\/acontecenafronteira.com.br\/index.php\/wp-json\/wp\/v2\/posts\/35027\/revisions\/35030"}],"wp:featuredmedia":[{"embeddable":true,"href":"https:\/\/acontecenafronteira.com.br\/index.php\/wp-json\/wp\/v2\/media\/35031"}],"wp:attachment":[{"href":"https:\/\/acontecenafronteira.com.br\/index.php\/wp-json\/wp\/v2\/media?parent=35027"}],"wp:term":[{"taxonomy":"category","embeddable":true,"href":"https:\/\/acontecenafronteira.com.br\/index.php\/wp-json\/wp\/v2\/categories?post=35027"},{"taxonomy":"post_tag","embeddable":true,"href":"https:\/\/acontecenafronteira.com.br\/index.php\/wp-json\/wp\/v2\/tags?post=35027"}],"curies":[{"name":"wp","href":"https:\/\/api.w.org\/{rel}","templated":true}]}}