{"id":35017,"date":"2026-09-04T07:37:41","date_gmt":"2026-09-04T10:37:41","guid":{"rendered":"https:\/\/acontecenafronteira.com.br\/?p=35017"},"modified":"2026-09-04T07:37:41","modified_gmt":"2026-09-04T10:37:41","slug":"adolescente-e-morta-pelo-tribunal-do-crime-em-maraba-pa","status":"publish","type":"post","link":"https:\/\/acontecenafronteira.com.br\/index.php\/2026\/09\/04\/adolescente-e-morta-pelo-tribunal-do-crime-em-maraba-pa\/","title":{"rendered":"Adolescente \u00e9 morta pelo tribunal do crime em Marab\u00e1 (PA)"},"content":{"rendered":"<p>O corpo de uma jovem de 15 anos foi descoberto enterrado em uma regi\u00e3o de mata no bairro Tiradentes, situado em Marab\u00e1, no Par\u00e1, ap\u00f3s um per\u00edodo de oito dias de desaparecimento. A localiza\u00e7\u00e3o ocorreu na quarta-feira (2\/9), e as autoridades policiais divulgaram no dia seguinte fortes ind\u00edcios de que a v\u00edtima sofreu sess\u00f5es de tortura antes de ser executada por ordem de uma organiza\u00e7\u00e3o criminosa.<\/p>\n<h2>Investiga\u00e7\u00e3o do tribunal do crime<\/h2>\n<p>A adolescente identificada como <strong>Valentina Irene Alves da Silva<\/strong> foi vista pela \u00faltima vez em 25 de agosto. Os levantamentos iniciais conduzidos pela pol\u00edcia apontam que ela foi sequestrada pelos criminosos e submetida ao chamado <strong>tribunal do crime<\/strong>, que consiste em um julgamento ilegal promovido por fac\u00e7\u00f5es.<\/p>\n<h2>Motiva\u00e7\u00e3o da execu\u00e7\u00e3o brutal<\/h2>\n<p>O assassinato teria sido motivado por causa de uma fotografia na qual a jovem supostamente realizava sinais com as m\u00e3os associados a um grupo criminoso. A imagem acabou sendo enviada para criminosos de uma fac\u00e7\u00e3o rival, gerando desconfian\u00e7a sobre um suposto envolvimento da v\u00edtima com o bando oposto.<\/p>\n<h2>Pris\u00f5es e andamento do caso<\/h2>\n<p>As equipes policiais encontraram os restos mortais da adolescente durante varreduras na \u00e1rea de vegeta\u00e7\u00e3o fechada. At\u00e9 a \u00faltima atualiza\u00e7\u00e3o das autoridades sobre o caso, tr\u00eas indiv\u00edduos foram capturados sob a suspeita de participa\u00e7\u00e3o direta no homic\u00eddio.<\/p>\n<p>O trabalho investigativo prossegue para identificar todos os envolvidos na morte da jovem e esclarecer integralmente a din\u00e2mica do crime que chocou o estado paraense.<\/p>\n<p>Por Reda\u00e7\u00e3o Acontece<\/p>\n<p>Cr\u00e9ditos da imagem: Reprodu\u00e7\u00e3o \/ Redes Sociais<\/p>\n","protected":false},"excerpt":{"rendered":"<p>O corpo de uma jovem de 15 anos foi descoberto enterrado em uma regi\u00e3o de mata no bairro Tiradentes, situado em Marab\u00e1, no Par\u00e1, ap\u00f3s um per\u00edodo de oito dias de desaparecimento. A localiza\u00e7\u00e3o ocorreu na quarta-feira (2\/9), e as autoridades policiais divulgaram no dia seguinte fortes ind\u00edcios de que a v\u00edtima sofreu sess\u00f5es de [&hellip;]<\/p>\n","protected":false},"author":0,"featured_media":35022,"comment_status":"open","ping_status":"open","sticky":false,"template":"","format":"standard","meta":{"footnotes":""},"categories":[6],"tags":[],"class_list":["post-35017","post","type-post","status-publish","format-standard","has-post-thumbnail","hentry","category-mercosul"],"_links":{"self":[{"href":"https:\/\/acontecenafronteira.com.br\/index.php\/wp-json\/wp\/v2\/posts\/35017","targetHints":{"allow":["GET"]}}],"collection":[{"href":"https:\/\/acontecenafronteira.com.br\/index.php\/wp-json\/wp\/v2\/posts"}],"about":[{"href":"https:\/\/acontecenafronteira.com.br\/index.php\/wp-json\/wp\/v2\/types\/post"}],"replies":[{"embeddable":true,"href":"https:\/\/acontecenafronteira.com.br\/index.php\/wp-json\/wp\/v2\/comments?post=35017"}],"version-history":[{"count":1,"href":"https:\/\/acontecenafronteira.com.br\/index.php\/wp-json\/wp\/v2\/posts\/35017\/revisions"}],"predecessor-version":[{"id":35021,"href":"https:\/\/acontecenafronteira.com.br\/index.php\/wp-json\/wp\/v2\/posts\/35017\/revisions\/35021"}],"wp:featuredmedia":[{"embeddable":true,"href":"https:\/\/acontecenafronteira.com.br\/index.php\/wp-json\/wp\/v2\/media\/35022"}],"wp:attachment":[{"href":"https:\/\/acontecenafronteira.com.br\/index.php\/wp-json\/wp\/v2\/media?parent=35017"}],"wp:term":[{"taxonomy":"category","embeddable":true,"href":"https:\/\/acontecenafronteira.com.br\/index.php\/wp-json\/wp\/v2\/categories?post=35017"},{"taxonomy":"post_tag","embeddable":true,"href":"https:\/\/acontecenafronteira.com.br\/index.php\/wp-json\/wp\/v2\/tags?post=35017"}],"curies":[{"name":"wp","href":"https:\/\/api.w.org\/{rel}","templated":true}]}}