{"id":35008,"date":"2026-09-04T07:37:36","date_gmt":"2026-09-04T10:37:36","guid":{"rendered":"https:\/\/acontecenafronteira.com.br\/?p=35008"},"modified":"2026-09-04T07:37:36","modified_gmt":"2026-09-04T10:37:36","slug":"alexsandro-chora-apos-vitoria-do-lille-e-lembra-lesao-grave","status":"publish","type":"post","link":"https:\/\/acontecenafronteira.com.br\/index.php\/2026\/09\/04\/alexsandro-chora-apos-vitoria-do-lille-e-lembra-lesao-grave\/","title":{"rendered":"Alexsandro chora ap\u00f3s vit\u00f3ria do Lille e lembra les\u00e3o grave"},"content":{"rendered":"<p>O zagueiro brasileiro Alexsandro protagonizou um momento de forte emo\u00e7\u00e3o ap\u00f3s a vit\u00f3ria do Lille por 1 a 0 sobre o Toulouse, resultado que colocou provisoriamente sua equipe na lideran\u00e7a do Campeonato Franc\u00eas.<\/p>\n<h2>A emo\u00e7\u00e3o em campo<\/h2>\n<p>Logo ap\u00f3s o apito final, o defensor de 27 anos n\u00e3o conteve as l\u00e1grimas no gramado. As c\u00e2meras da transmiss\u00e3o registraram o atleta com as m\u00e3os nos joelhos, desabafando emocionalmente ap\u00f3s a partida v\u00e1lida pela competi\u00e7\u00e3o nacional.<\/p>\n<h2>O peso do passado e a les\u00e3o<\/h2>\n<p>Em entrevista na zona mista, o jogador revelou que o confronto trouxe \u00e0 tona mem\u00f3rias dolorosas do per\u00edodo em que ficou afastado dos gramados devido a uma grave contus\u00e3o no quadr\u00edceps direito, sofrida justamente contra o mesmo Toulouse em setembro do ano passado.<\/p>\n<p>O problema f\u00edsico exigiu um longo tratamento, incluindo passagens por uma cl\u00ednica especializada em Doha, no Catar. O defensor s\u00f3 conseguiu retornar aos gramados em janeiro, mas perdeu espa\u00e7o entre os titulares sob o comando do t\u00e9cnico Bruno Genesio.<\/p>\n<h2>Sonho da Sele\u00e7\u00e3o interrompida<\/h2>\n<p>O rev\u00e9s f\u00edsico teve um impacto direto em suas aspira\u00e7\u00f5es profissionais, custando-lhe a chance de disputar a Copa do Mundo de 2026, logo ap\u00f3s ter feito sua estreia pela Sele\u00e7\u00e3o Brasileira em junho de 2025.<\/p>\n<p>Apesar dos obst\u00e1culos enfrentados durante o longo processo de recupera\u00e7\u00e3o, o atleta destacou a import\u00e2ncia do suporte recebido pelo clube franc\u00eas para conseguir retomar seu bom n\u00edvel t\u00e9cnico e celebrar essa importante vit\u00f3ria em campo.<\/p>\n<p>Por Reda\u00e7\u00e3o Acontece<\/p>\n<p>Foto: Reprodu\u00e7\u00e3o<\/p>\n","protected":false},"excerpt":{"rendered":"<p>O zagueiro brasileiro Alexsandro protagonizou um momento de forte emo\u00e7\u00e3o ap\u00f3s a vit\u00f3ria do Lille por 1 a 0 sobre o Toulouse, resultado que colocou provisoriamente sua equipe na lideran\u00e7a do Campeonato Franc\u00eas. A emo\u00e7\u00e3o em campo Logo ap\u00f3s o apito final, o defensor de 27 anos n\u00e3o conteve as l\u00e1grimas no gramado. As c\u00e2meras [&hellip;]<\/p>\n","protected":false},"author":0,"featured_media":35016,"comment_status":"open","ping_status":"open","sticky":false,"template":"","format":"standard","meta":{"footnotes":""},"categories":[28],"tags":[],"class_list":["post-35008","post","type-post","status-publish","format-standard","has-post-thumbnail","hentry","category-mundo"],"_links":{"self":[{"href":"https:\/\/acontecenafronteira.com.br\/index.php\/wp-json\/wp\/v2\/posts\/35008","targetHints":{"allow":["GET"]}}],"collection":[{"href":"https:\/\/acontecenafronteira.com.br\/index.php\/wp-json\/wp\/v2\/posts"}],"about":[{"href":"https:\/\/acontecenafronteira.com.br\/index.php\/wp-json\/wp\/v2\/types\/post"}],"replies":[{"embeddable":true,"href":"https:\/\/acontecenafronteira.com.br\/index.php\/wp-json\/wp\/v2\/comments?post=35008"}],"version-history":[{"count":1,"href":"https:\/\/acontecenafronteira.com.br\/index.php\/wp-json\/wp\/v2\/posts\/35008\/revisions"}],"predecessor-version":[{"id":35015,"href":"https:\/\/acontecenafronteira.com.br\/index.php\/wp-json\/wp\/v2\/posts\/35008\/revisions\/35015"}],"wp:featuredmedia":[{"embeddable":true,"href":"https:\/\/acontecenafronteira.com.br\/index.php\/wp-json\/wp\/v2\/media\/35016"}],"wp:attachment":[{"href":"https:\/\/acontecenafronteira.com.br\/index.php\/wp-json\/wp\/v2\/media?parent=35008"}],"wp:term":[{"taxonomy":"category","embeddable":true,"href":"https:\/\/acontecenafronteira.com.br\/index.php\/wp-json\/wp\/v2\/categories?post=35008"},{"taxonomy":"post_tag","embeddable":true,"href":"https:\/\/acontecenafronteira.com.br\/index.php\/wp-json\/wp\/v2\/tags?post=35008"}],"curies":[{"name":"wp","href":"https:\/\/api.w.org\/{rel}","templated":true}]}}