{"id":35007,"date":"2026-09-04T07:37:30","date_gmt":"2026-09-04T10:37:30","guid":{"rendered":"https:\/\/acontecenafronteira.com.br\/?p=35007"},"modified":"2026-09-04T07:37:30","modified_gmt":"2026-09-04T10:37:30","slug":"mpf-defende-aluguel-por-temporada-em-condominios-sem-aval","status":"publish","type":"post","link":"https:\/\/acontecenafronteira.com.br\/index.php\/2026\/09\/04\/mpf-defende-aluguel-por-temporada-em-condominios-sem-aval\/","title":{"rendered":"MPF defende aluguel por temporada em condom\u00ednios sem aval"},"content":{"rendered":"<p>A discuss\u00e3o jur\u00eddica sobre a loca\u00e7\u00e3o de im\u00f3veis residenciais por temporada em condom\u00ednios ganhou um desfecho importante. O Minist\u00e9rio P\u00fablico Federal enviou ao Superior Tribunal de Justi\u00e7a um parecer oficial sustentando que o aluguel de moradias por meio de aplicativos digitais possui natureza residencial, dispensando qualquer aprova\u00e7\u00e3o pr\u00e9via dos vizinhos ou da administra\u00e7\u00e3o do pr\u00e9dio.<\/p>\n<h2>O posicionamento do Minist\u00e9rio P\u00fablico Federal<\/h2>\n<p>O \u00f3rg\u00e3o ministerial avaliou que a atividade de hospedagem de curta dura\u00e7\u00e3o est\u00e1 inserida no contexto de moradia. Conforme o entendimento apresentado no processo, eventuais proibi\u00e7\u00f5es a esse modelo de neg\u00f3cio somente podem ser aplicadas caso exista uma veda\u00e7\u00e3o expl\u00edcita registrada na conven\u00e7\u00e3o do condom\u00ednio.<\/p>\n<h2>Impacto das plataformas digitais<\/h2>\n<p>A populariza\u00e7\u00e3o de servi\u00e7os como o Airbnb trouxe novos desafios para a conviv\u00eancia em edif\u00edcios residenciais em todo o pa\u00eds. S\u00edndicos e moradores frequentemente debatem os limites para a circula\u00e7\u00e3o de h\u00f3spedes tempor\u00e1rios e a seguran\u00e7a das edifica\u00e7\u00f5es.<\/p>\n<p>Com a manifesta\u00e7\u00e3o do STJ sobre o tema, a seguran\u00e7a jur\u00eddica para propriet\u00e1rios que utilizam esses canais de loca\u00e7\u00e3o pode ser padronizada em \u00e2mbito nacional, desde que o regimento interno do condom\u00ednio n\u00e3o pro\u00edba expressamente a pr\u00e1tica.<\/p>\n<p>Por Reda\u00e7\u00e3o Acontece<\/p>\n<p>Cr\u00e9ditos da imagem: Divulga\u00e7\u00e3o<\/p>\n","protected":false},"excerpt":{"rendered":"<p>A discuss\u00e3o jur\u00eddica sobre a loca\u00e7\u00e3o de im\u00f3veis residenciais por temporada em condom\u00ednios ganhou um desfecho importante. O Minist\u00e9rio P\u00fablico Federal enviou ao Superior Tribunal de Justi\u00e7a um parecer oficial sustentando que o aluguel de moradias por meio de aplicativos digitais possui natureza residencial, dispensando qualquer aprova\u00e7\u00e3o pr\u00e9via dos vizinhos ou da administra\u00e7\u00e3o do pr\u00e9dio. [&hellip;]<\/p>\n","protected":false},"author":0,"featured_media":35014,"comment_status":"open","ping_status":"open","sticky":false,"template":"","format":"standard","meta":{"footnotes":""},"categories":[28],"tags":[],"class_list":["post-35007","post","type-post","status-publish","format-standard","has-post-thumbnail","hentry","category-mundo"],"_links":{"self":[{"href":"https:\/\/acontecenafronteira.com.br\/index.php\/wp-json\/wp\/v2\/posts\/35007","targetHints":{"allow":["GET"]}}],"collection":[{"href":"https:\/\/acontecenafronteira.com.br\/index.php\/wp-json\/wp\/v2\/posts"}],"about":[{"href":"https:\/\/acontecenafronteira.com.br\/index.php\/wp-json\/wp\/v2\/types\/post"}],"replies":[{"embeddable":true,"href":"https:\/\/acontecenafronteira.com.br\/index.php\/wp-json\/wp\/v2\/comments?post=35007"}],"version-history":[{"count":1,"href":"https:\/\/acontecenafronteira.com.br\/index.php\/wp-json\/wp\/v2\/posts\/35007\/revisions"}],"predecessor-version":[{"id":35013,"href":"https:\/\/acontecenafronteira.com.br\/index.php\/wp-json\/wp\/v2\/posts\/35007\/revisions\/35013"}],"wp:featuredmedia":[{"embeddable":true,"href":"https:\/\/acontecenafronteira.com.br\/index.php\/wp-json\/wp\/v2\/media\/35014"}],"wp:attachment":[{"href":"https:\/\/acontecenafronteira.com.br\/index.php\/wp-json\/wp\/v2\/media?parent=35007"}],"wp:term":[{"taxonomy":"category","embeddable":true,"href":"https:\/\/acontecenafronteira.com.br\/index.php\/wp-json\/wp\/v2\/categories?post=35007"},{"taxonomy":"post_tag","embeddable":true,"href":"https:\/\/acontecenafronteira.com.br\/index.php\/wp-json\/wp\/v2\/tags?post=35007"}],"curies":[{"name":"wp","href":"https:\/\/api.w.org\/{rel}","templated":true}]}}