{"id":35006,"date":"2026-09-04T07:37:17","date_gmt":"2026-09-04T10:37:17","guid":{"rendered":"https:\/\/acontecenafronteira.com.br\/?p=35006"},"modified":"2026-09-04T07:37:17","modified_gmt":"2026-09-04T10:37:17","slug":"brasileira-pega-prisao-perpetua-na-italia-por-morte-do-marido","status":"publish","type":"post","link":"https:\/\/acontecenafronteira.com.br\/index.php\/2026\/09\/04\/brasileira-pega-prisao-perpetua-na-italia-por-morte-do-marido\/","title":{"rendered":"Brasileira pega pris\u00e3o perp\u00e9tua na It\u00e1lia por morte do marido"},"content":{"rendered":"<p>Brasileira pega pris\u00e3o perp\u00e9tua na It\u00e1lia por morte do marido Justi\u00e7a italiana condena brasileira Adilma Carneiro \u00e0 pris\u00e3o perp\u00e9tua por planejar e simular o atropelamento que matou seu marido em 2024. A Justi\u00e7a da It\u00e1lia condenou \u00e0 pris\u00e3o perp\u00e9tua a brasileira Adilma Pereira Carneiro, de 51 anos, acusada de liderar o assassinato de seu companheiro, Fabio Ravasio, de 52 anos. O crime ocorreu em 9 de agosto de 2024, na cidade de Parabiago, quando o ciclista foi atingido por um ve\u00edculo na via Vela. O que inicialmente parecia um acidente de tr\u00e2nsito foi desvendado como um homic\u00eddio friamente calculado e coordenado pela pr\u00f3pria esposa. <\/p>\n<h2>A din\u00e2mica do crime e o plano macabro<\/h2>\n<p> A senten\u00e7a detalha que o homic\u00eddio foi meticulosamente preparado por meio de encontros frequentes e divis\u00e3o de tarefas entre os oito envolvidos no caso. O plano inicial de Adilma era contratar um matador de aluguel por cerca de 100 mil euros, mas, diante do alto custo, ela optou por arregimentar pessoas de seu c\u00edrculo pessoal para executar a simula\u00e7\u00e3o do atropelamento. Entre os condenados \u00e0 pris\u00e3o perp\u00e9tua ao lado de Adilma est\u00e3o Marcello Trifone e Fabio Lavezzo. Outros cinco r\u00e9us receberam penas que variam de 14 a 24 anos de reclus\u00e3o por participarem de diferentes etapas da emboscada, desde a vigil\u00e2ncia da v\u00edtima at\u00e9 a oculta\u00e7\u00e3o de provas e a prepara\u00e7\u00e3o mec\u00e2nica do autom\u00f3vel usado no impacto. <\/p>\n<h2>Motiva\u00e7\u00e3o financeira e desvio de patrim\u00f4nio<\/h2>\n<p> As investiga\u00e7\u00f5es apontaram que a principal motiva\u00e7\u00e3o para o crime foi puramente econ\u00f4mica, visando o acesso ao patrim\u00f4nio de Ravasio e a ap\u00f3lices de seguro de vida. O casal vivia junto havia anos e tinha dois filhos, mas a situa\u00e7\u00e3o financeira da fam\u00edlia j\u00e1 vinha sofrendo altera\u00e7\u00f5es dr\u00e1sticas nos anos anteriores. Auditorias banc\u00e1rias revelaram a sa\u00edda de 226 mil euros das contas ligadas \u00e0 brasileira, sendo que parte expressiva desses recursos foi enviada para l\u00edderes religiosos no Brasil. A teia financeira sob investiga\u00e7\u00e3o ainda abrange transa\u00e7\u00f5es internacionais entre Brasil, Espanha e Fran\u00e7a. <\/p>\n<h2>O poder de persuas\u00e3o e a teia de rela\u00e7\u00f5es<\/h2>\n<p> Os magistrados destacaram a habilidade de Adilma em manipular as pessoas ao seu redor, convencendo c\u00famplices mesmo sem a promessa de ganhos financeiros diretos. Para isso, ela teria inventado falsas acusa\u00e7\u00f5es de viol\u00eancia dom\u00e9stica e abuso contra os filhos, al\u00e9m de manter v\u00ednculos amorosos e promessas de presentes com os participantes. Natural do Rio Grande do Norte e com passagem por S\u00e3o Paulo antes de fixar resid\u00eancia na It\u00e1lia, a brasileira ganhou notoriedade na imprensa local, sendo apelidada de &#8220;Vi\u00fava Negra Brasileira&#8221; e &#8220;Louva-a-Deus de Parabiago&#8221;. <\/p>\n<h2>Desdobramentos judiciais<\/h2>\n<p> Al\u00e9m das penas de reclus\u00e3o severas, a Justi\u00e7a determinou o pagamento de repara\u00e7\u00f5es financeiras \u00e0s partes civis. Enquanto algumas defesas j\u00e1 anunciaram que v\u00e3o recorrer da decis\u00e3o, o processo envolvendo a filha da condenada, Ariane, segue tramitando em separado em um julgamento independente. Por Reda\u00e7\u00e3o Acontece Reprodu\u00e7\u00e3o<\/p>\n","protected":false},"excerpt":{"rendered":"<p>Brasileira pega pris\u00e3o perp\u00e9tua na It\u00e1lia por morte do marido Justi\u00e7a italiana condena brasileira Adilma Carneiro \u00e0 pris\u00e3o perp\u00e9tua por planejar e simular o atropelamento que matou seu marido em 2024. A Justi\u00e7a da It\u00e1lia condenou \u00e0 pris\u00e3o perp\u00e9tua a brasileira Adilma Pereira Carneiro, de 51 anos, acusada de liderar o assassinato de seu companheiro, [&hellip;]<\/p>\n","protected":false},"author":0,"featured_media":35012,"comment_status":"open","ping_status":"open","sticky":false,"template":"","format":"standard","meta":{"footnotes":""},"categories":[28],"tags":[],"class_list":["post-35006","post","type-post","status-publish","format-standard","has-post-thumbnail","hentry","category-mundo"],"_links":{"self":[{"href":"https:\/\/acontecenafronteira.com.br\/index.php\/wp-json\/wp\/v2\/posts\/35006","targetHints":{"allow":["GET"]}}],"collection":[{"href":"https:\/\/acontecenafronteira.com.br\/index.php\/wp-json\/wp\/v2\/posts"}],"about":[{"href":"https:\/\/acontecenafronteira.com.br\/index.php\/wp-json\/wp\/v2\/types\/post"}],"replies":[{"embeddable":true,"href":"https:\/\/acontecenafronteira.com.br\/index.php\/wp-json\/wp\/v2\/comments?post=35006"}],"version-history":[{"count":1,"href":"https:\/\/acontecenafronteira.com.br\/index.php\/wp-json\/wp\/v2\/posts\/35006\/revisions"}],"predecessor-version":[{"id":35011,"href":"https:\/\/acontecenafronteira.com.br\/index.php\/wp-json\/wp\/v2\/posts\/35006\/revisions\/35011"}],"wp:featuredmedia":[{"embeddable":true,"href":"https:\/\/acontecenafronteira.com.br\/index.php\/wp-json\/wp\/v2\/media\/35012"}],"wp:attachment":[{"href":"https:\/\/acontecenafronteira.com.br\/index.php\/wp-json\/wp\/v2\/media?parent=35006"}],"wp:term":[{"taxonomy":"category","embeddable":true,"href":"https:\/\/acontecenafronteira.com.br\/index.php\/wp-json\/wp\/v2\/categories?post=35006"},{"taxonomy":"post_tag","embeddable":true,"href":"https:\/\/acontecenafronteira.com.br\/index.php\/wp-json\/wp\/v2\/tags?post=35006"}],"curies":[{"name":"wp","href":"https:\/\/api.w.org\/{rel}","templated":true}]}}