{"id":35005,"date":"2026-09-04T07:37:02","date_gmt":"2026-09-04T10:37:02","guid":{"rendered":"https:\/\/acontecenafronteira.com.br\/?p=35005"},"modified":"2026-09-04T07:37:02","modified_gmt":"2026-09-04T10:37:02","slug":"tiroteio-em-santa-teresa-deixa-feridos-durante-a-madrugada","status":"publish","type":"post","link":"https:\/\/acontecenafronteira.com.br\/index.php\/2026\/09\/04\/tiroteio-em-santa-teresa-deixa-feridos-durante-a-madrugada\/","title":{"rendered":"Tiroteio em Santa Teresa deixa feridos durante a madrugada"},"content":{"rendered":"<p>Moradores da regi\u00e3o central do Rio de Janeiro viveram momentos de p\u00e2nico na madrugada desta sexta-feira devido a um forte confronto armado na comunidade do Fallet, situada no bairro de Santa Teresa.<\/p>\n<h2>Confronto entre criminosos na regi\u00e3o central<\/h2>\n<p>De acordo com as primeiras informa\u00e7\u00f5es apuradas, os disparos foram motivados por uma intensa disputa territorial entre grupos rivais de traficantes que atuam na localidade.<\/p>\n<h2>Cinco feridos e p\u00e2nico generalizado<\/h2>\n<p>Como resultado da viol\u00eancia, cinco pessoas teriam ficado feridas durante a troca de tiros. A intensidade do barulho de armas de fogo assustou a popula\u00e7\u00e3o local, gerando grande apreens\u00e3o.<\/p>\n<h2>Impacto em bairros vizinhos<\/h2>\n<p>O som dos disparos foi t\u00e3o forte que p\u00f4de ser claramente ouvido por moradores de \u00e1reas nobres e bairros pr\u00f3ximos, a exemplo de Laranjeiras, situada na Zona Sul da capital fluminense.<\/p>\n<p>A situa\u00e7\u00e3o gerou forte repercuss\u00e3o nas redes sociais, onde dezenas de relatos apontavam o medo e a apreens\u00e3o diante da gravidade da ocorr\u00eancia registrada durante as primeiras horas do dia.<\/p>\n<p>Por Reda\u00e7\u00e3o Acontece<\/p>\n<p>Cr\u00e9ditos da imagem: Reprodu\u00e7\u00e3o \/ Redes Sociais<\/p>\n","protected":false},"excerpt":{"rendered":"<p>Moradores da regi\u00e3o central do Rio de Janeiro viveram momentos de p\u00e2nico na madrugada desta sexta-feira devido a um forte confronto armado na comunidade do Fallet, situada no bairro de Santa Teresa. Confronto entre criminosos na regi\u00e3o central De acordo com as primeiras informa\u00e7\u00f5es apuradas, os disparos foram motivados por uma intensa disputa territorial entre [&hellip;]<\/p>\n","protected":false},"author":0,"featured_media":35010,"comment_status":"open","ping_status":"open","sticky":false,"template":"","format":"standard","meta":{"footnotes":""},"categories":[28],"tags":[],"class_list":["post-35005","post","type-post","status-publish","format-standard","has-post-thumbnail","hentry","category-mundo"],"_links":{"self":[{"href":"https:\/\/acontecenafronteira.com.br\/index.php\/wp-json\/wp\/v2\/posts\/35005","targetHints":{"allow":["GET"]}}],"collection":[{"href":"https:\/\/acontecenafronteira.com.br\/index.php\/wp-json\/wp\/v2\/posts"}],"about":[{"href":"https:\/\/acontecenafronteira.com.br\/index.php\/wp-json\/wp\/v2\/types\/post"}],"replies":[{"embeddable":true,"href":"https:\/\/acontecenafronteira.com.br\/index.php\/wp-json\/wp\/v2\/comments?post=35005"}],"version-history":[{"count":1,"href":"https:\/\/acontecenafronteira.com.br\/index.php\/wp-json\/wp\/v2\/posts\/35005\/revisions"}],"predecessor-version":[{"id":35009,"href":"https:\/\/acontecenafronteira.com.br\/index.php\/wp-json\/wp\/v2\/posts\/35005\/revisions\/35009"}],"wp:featuredmedia":[{"embeddable":true,"href":"https:\/\/acontecenafronteira.com.br\/index.php\/wp-json\/wp\/v2\/media\/35010"}],"wp:attachment":[{"href":"https:\/\/acontecenafronteira.com.br\/index.php\/wp-json\/wp\/v2\/media?parent=35005"}],"wp:term":[{"taxonomy":"category","embeddable":true,"href":"https:\/\/acontecenafronteira.com.br\/index.php\/wp-json\/wp\/v2\/categories?post=35005"},{"taxonomy":"post_tag","embeddable":true,"href":"https:\/\/acontecenafronteira.com.br\/index.php\/wp-json\/wp\/v2\/tags?post=35005"}],"curies":[{"name":"wp","href":"https:\/\/api.w.org\/{rel}","templated":true}]}}