{"id":34992,"date":"2026-09-04T07:36:28","date_gmt":"2026-09-04T10:36:28","guid":{"rendered":"https:\/\/acontecenafronteira.com.br\/?p=34992"},"modified":"2026-09-04T07:36:28","modified_gmt":"2026-09-04T10:36:28","slug":"jovem-morre-apos-tortura-e-queda-de-predio-em-londrina-pr","status":"publish","type":"post","link":"https:\/\/acontecenafronteira.com.br\/index.php\/2026\/09\/04\/jovem-morre-apos-tortura-e-queda-de-predio-em-londrina-pr\/","title":{"rendered":"Jovem morre ap\u00f3s tortura e queda de pr\u00e9dio em Londrina (PR)"},"content":{"rendered":"<p>Jovem morre ap\u00f3s tortura e queda de pr\u00e9dio em Londrina (PR) Investiga\u00e7\u00e3o aponta que jovem foi torturado sob acusa\u00e7\u00e3o de furto antes de morrer ao cair do 14\u00ba andar em Londrina. Quatro suspeitos est\u00e3o presos. Um jovem de 27 anos morreu ap\u00f3s cair do 14\u00ba andar de um edif\u00edcio em Londrina, no norte do Paran\u00e1, em meados de agosto. De acordo com as investiga\u00e7\u00f5es da Pol\u00edcia Civil, a v\u00edtima foi submetida a sess\u00f5es de tortura e mantida em c\u00e1rcere privado por quatro colegas de trabalho da namorada, sob a acusa\u00e7\u00e3o de cometer furtos. <\/p>\n<h2>Din\u00e2mica da queda e investiga\u00e7\u00f5es<\/h2>\n<p> A trag\u00e9dia ocorreu no dia 14 de agosto. Conforme a apura\u00e7\u00e3o policial conduzida pelo delegado Roberto Fernandes, Alexandre Rodrigues Ramos tentou escapar do cativeiro descendo pela sacada para alcan\u00e7ar o apartamento inferior, mas acabou despencando. O caso inicialmente foi tratado pelas autoridades como um suposto suic\u00eddio. No entanto, os agentes que atenderam a ocorr\u00eancia perceberam que a chave que mantinha o c\u00f4modo trancado estava posicionada do lado de externo da porta, detalhe que mudou o rumo das investiga\u00e7\u00f5es para homic\u00eddio. <\/p>\n<h2>Tortura, cativeiro e suspeitas de furto<\/h2>\n<p> Os quatro homens envolvidos, com idades entre 22 e 24 anos, tiveram as pris\u00f5es preventivas decretadas pela Justi\u00e7a. Eles dividiam o mesmo im\u00f3vel onde o crime aconteceu e alegavam que Alexandre havia furtado uma c\u00e2mera profissional avaliada em R$ 12 mil, al\u00e9m de um aparelho celular e dinheiro. Segundo o delegado Miguel Chibani, a v\u00edtima foi amarrada com um cabo de extens\u00e3o, agredida e for\u00e7ada a ingerir comprimidos que provocavam estado de irresponsividade. As agress\u00f5es duraram cerca de quatro horas, per\u00edodo em que os suspeitos chegaram a pedir uma pizza. A pol\u00edcia ainda aguarda a conclus\u00e3o do laudo toxicol\u00f3gico. <\/p>\n<h2>Contexto e desdobramentos legais<\/h2>\n<p> O apartamento funcionava como um alojamento compartilhado entre os quatro suspeitos, a namorada da v\u00edtima e outro colega de trabalho que acabou denunciando o crime \u00e0s autoridades. A companheira de Alexandre tentou impedir as agress\u00f5es, mas foi amea\u00e7ada e afastada do local, n\u00e3o sendo apontada como participante do crime. Os investigados poder\u00e3o responder por tortura seguida de morte, com agravantes decorrentes do c\u00e1rcere privado. Se condenadas, as penas podem variar de 8 a 16 anos de reclus\u00e3o, com acr\u00e9scimo proporcional devido ao sequestro. Por Reda\u00e7\u00e3o Acontece Reprodu\u00e7\u00e3o<\/p>\n","protected":false},"excerpt":{"rendered":"<p>Jovem morre ap\u00f3s tortura e queda de pr\u00e9dio em Londrina (PR) Investiga\u00e7\u00e3o aponta que jovem foi torturado sob acusa\u00e7\u00e3o de furto antes de morrer ao cair do 14\u00ba andar em Londrina. Quatro suspeitos est\u00e3o presos. Um jovem de 27 anos morreu ap\u00f3s cair do 14\u00ba andar de um edif\u00edcio em Londrina, no norte do Paran\u00e1, [&hellip;]<\/p>\n","protected":false},"author":0,"featured_media":35000,"comment_status":"open","ping_status":"open","sticky":false,"template":"","format":"standard","meta":{"footnotes":""},"categories":[18],"tags":[],"class_list":["post-34992","post","type-post","status-publish","format-standard","has-post-thumbnail","hentry","category-parana"],"_links":{"self":[{"href":"https:\/\/acontecenafronteira.com.br\/index.php\/wp-json\/wp\/v2\/posts\/34992","targetHints":{"allow":["GET"]}}],"collection":[{"href":"https:\/\/acontecenafronteira.com.br\/index.php\/wp-json\/wp\/v2\/posts"}],"about":[{"href":"https:\/\/acontecenafronteira.com.br\/index.php\/wp-json\/wp\/v2\/types\/post"}],"replies":[{"embeddable":true,"href":"https:\/\/acontecenafronteira.com.br\/index.php\/wp-json\/wp\/v2\/comments?post=34992"}],"version-history":[{"count":1,"href":"https:\/\/acontecenafronteira.com.br\/index.php\/wp-json\/wp\/v2\/posts\/34992\/revisions"}],"predecessor-version":[{"id":34999,"href":"https:\/\/acontecenafronteira.com.br\/index.php\/wp-json\/wp\/v2\/posts\/34992\/revisions\/34999"}],"wp:featuredmedia":[{"embeddable":true,"href":"https:\/\/acontecenafronteira.com.br\/index.php\/wp-json\/wp\/v2\/media\/35000"}],"wp:attachment":[{"href":"https:\/\/acontecenafronteira.com.br\/index.php\/wp-json\/wp\/v2\/media?parent=34992"}],"wp:term":[{"taxonomy":"category","embeddable":true,"href":"https:\/\/acontecenafronteira.com.br\/index.php\/wp-json\/wp\/v2\/categories?post=34992"},{"taxonomy":"post_tag","embeddable":true,"href":"https:\/\/acontecenafronteira.com.br\/index.php\/wp-json\/wp\/v2\/tags?post=34992"}],"curies":[{"name":"wp","href":"https:\/\/api.w.org\/{rel}","templated":true}]}}