{"id":34991,"date":"2026-09-04T07:36:18","date_gmt":"2026-09-04T10:36:18","guid":{"rendered":"https:\/\/acontecenafronteira.com.br\/?p=34991"},"modified":"2026-09-04T07:36:18","modified_gmt":"2026-09-04T10:36:18","slug":"acidente-na-br-376-onibus-bate-em-carreta-e-pega-fogo-no-pr","status":"publish","type":"post","link":"https:\/\/acontecenafronteira.com.br\/index.php\/2026\/09\/04\/acidente-na-br-376-onibus-bate-em-carreta-e-pega-fogo-no-pr\/","title":{"rendered":"Acidente na BR-376: \u00f4nibus bate em carreta e pega fogo no PR"},"content":{"rendered":"<p>Nove pessoas sofreram ferimentos leves ap\u00f3s uma colis\u00e3o traseira entre um \u00f4nibus e uma carreta seguida de inc\u00eandio na BR-376, localizada em Ortigueira, regi\u00e3o dos Campos Gerais do Paran\u00e1, na madrugada desta segunda-feira (31).<\/p>\n<h2>Detalhes da colis\u00e3o na rodovia<\/h2>\n<p>O impacto ocorreu por volta das 2h30, no quil\u00f4metro 360 da estrada, segundo informa\u00e7\u00f5es da Pol\u00edcia Rodovi\u00e1ria Federal (PRF), que atendeu a ocorr\u00eancia no local.<\/p>\n<p>No coletivo, que fazia o trajeto entre Umuarama e a capital Curitiba, viajavam o motorista, de 29 anos, e outros 13 passageiros.<\/p>\n<h2>Din\u00e2mica do acidente e inc\u00eandio<\/h2>\n<p>De acordo com o levantamento da PRF, o \u00f4nibus colidiu na traseira de uma carreta carregada de milho, que trafegava normalmente pela faixa da direita da rodovia.<\/p>\n<p>Ap\u00f3s a batida, todos os ocupantes conseguiram deixar o ve\u00edculo de transporte coletivo de forma segura antes que as chamas se espalhassem e consumissem totalmente a estrutura do \u00f4nibus.<\/p>\n<p>As nove v\u00edtimas que apresentaram ferimentos leves foram prontamente socorridas e encaminhadas para unidades de atendimento m\u00e9dico na pr\u00f3pria cidade de Ortigueira. A identidade dos feridos n\u00e3o foi divulgada pelas autoridades.<\/p>\n<h2>Interdi\u00e7\u00e3o e investiga\u00e7\u00f5es<\/h2>\n<p>O trecho da rodovia precisou ser completamente bloqueado para o controle das chamas e o resgate das v\u00edtimas, gerando reten\u00e7\u00e3o no tr\u00e1fego at\u00e9 a libera\u00e7\u00e3o total da pista, que aconteceu por volta das 6h45.<\/p>\n<p>Os motoristas de ambos os ve\u00edculos envolvidos no acidente passaram pelo teste do baf\u00f4metro, cujos resultados deram negativos para a ingest\u00e3o de \u00e1lcool. A PRF informou ainda que elaborar\u00e1 um Laudo Pericial de Sinistro de Tr\u00e2nsito para determinar oficialmente as causas da colis\u00e3o.<\/p>\n<p>Por Reda\u00e7\u00e3o Acontece<\/p>\n<p>Foto: PRF\/Divulga\u00e7\u00e3o<\/p>\n","protected":false},"excerpt":{"rendered":"<p>Nove pessoas sofreram ferimentos leves ap\u00f3s uma colis\u00e3o traseira entre um \u00f4nibus e uma carreta seguida de inc\u00eandio na BR-376, localizada em Ortigueira, regi\u00e3o dos Campos Gerais do Paran\u00e1, na madrugada desta segunda-feira (31). Detalhes da colis\u00e3o na rodovia O impacto ocorreu por volta das 2h30, no quil\u00f4metro 360 da estrada, segundo informa\u00e7\u00f5es da Pol\u00edcia [&hellip;]<\/p>\n","protected":false},"author":0,"featured_media":34998,"comment_status":"open","ping_status":"open","sticky":false,"template":"","format":"standard","meta":{"footnotes":""},"categories":[18],"tags":[],"class_list":["post-34991","post","type-post","status-publish","format-standard","has-post-thumbnail","hentry","category-parana"],"_links":{"self":[{"href":"https:\/\/acontecenafronteira.com.br\/index.php\/wp-json\/wp\/v2\/posts\/34991","targetHints":{"allow":["GET"]}}],"collection":[{"href":"https:\/\/acontecenafronteira.com.br\/index.php\/wp-json\/wp\/v2\/posts"}],"about":[{"href":"https:\/\/acontecenafronteira.com.br\/index.php\/wp-json\/wp\/v2\/types\/post"}],"replies":[{"embeddable":true,"href":"https:\/\/acontecenafronteira.com.br\/index.php\/wp-json\/wp\/v2\/comments?post=34991"}],"version-history":[{"count":1,"href":"https:\/\/acontecenafronteira.com.br\/index.php\/wp-json\/wp\/v2\/posts\/34991\/revisions"}],"predecessor-version":[{"id":34997,"href":"https:\/\/acontecenafronteira.com.br\/index.php\/wp-json\/wp\/v2\/posts\/34991\/revisions\/34997"}],"wp:featuredmedia":[{"embeddable":true,"href":"https:\/\/acontecenafronteira.com.br\/index.php\/wp-json\/wp\/v2\/media\/34998"}],"wp:attachment":[{"href":"https:\/\/acontecenafronteira.com.br\/index.php\/wp-json\/wp\/v2\/media?parent=34991"}],"wp:term":[{"taxonomy":"category","embeddable":true,"href":"https:\/\/acontecenafronteira.com.br\/index.php\/wp-json\/wp\/v2\/categories?post=34991"},{"taxonomy":"post_tag","embeddable":true,"href":"https:\/\/acontecenafronteira.com.br\/index.php\/wp-json\/wp\/v2\/tags?post=34991"}],"curies":[{"name":"wp","href":"https:\/\/api.w.org\/{rel}","templated":true}]}}