{"id":34989,"date":"2026-09-04T07:36:06","date_gmt":"2026-09-04T10:36:06","guid":{"rendered":"https:\/\/acontecenafronteira.com.br\/?p=34989"},"modified":"2026-09-04T07:36:06","modified_gmt":"2026-09-04T10:36:06","slug":"temporal-em-curitiba-causa-alagamentos-e-quedas-de-arvores","status":"publish","type":"post","link":"https:\/\/acontecenafronteira.com.br\/index.php\/2026\/09\/04\/temporal-em-curitiba-causa-alagamentos-e-quedas-de-arvores\/","title":{"rendered":"Temporal em Curitiba causa alagamentos e quedas de \u00e1rvores"},"content":{"rendered":"<p>Uma forte tempestade acompanhada de rajadas de vento e queda de granizo atingiu Curitiba e munic\u00edpios da Regi\u00e3o Metropolitana na \u00faltima segunda-feira (31), provocando <strong>alagamentos<\/strong>, quedas de \u00e1rvores e interrup\u00e7\u00f5es no fornecimento de energia el\u00e9trica. Apesar dos estragos materiais registrados em v\u00e1rias cidades, n\u00e3o houve feridos.<\/p>\n<h2>Estragos e ocorr\u00eancias na Grande Curitiba<\/h2>\n<p>O volume de precipita\u00e7\u00e3o surpreendeu os moradores e fez o c\u00e9u escurecer repentinamente logo no in\u00edcio da tarde. De acordo com a Defesa Civil municipal, o acumulado chegou a 83 mil\u00edmetros nas \u00faltimas 24 horas at\u00e9 a manh\u00e3 desta ter\u00e7a-feira (1\u00ba), com destaque para as medi\u00e7\u00f5es nas regi\u00f5es da Matriz (82,6 mm), Alto da XV (82,2 mm) e no c\u00f3rrego Bigorrilho (77 mm).<\/p>\n<h3>Impacto nas escolas e munic\u00edpios vizinhos<\/h3>\n<p>Em Almirante Tamandar\u00e9, a for\u00e7a do vento derrubou tr\u00eas postes e danificou parte da cobertura do audit\u00f3rio do Col\u00e9gio Estadual Tancredo Neves, exigindo a interdi\u00e7\u00e3o total de uma via p\u00fablica. A Secretaria Estadual de Educa\u00e7\u00e3o esclareceu que as salas de aula n\u00e3o foram danificadas e que o n\u00facleo regional acompanha o caso para assegurar a integridade da comunidade escolar. Outro incidente ocorreu em Arauc\u00e1ria, onde um muro desabou perto de uma resid\u00eancia e de um ponto de \u00f4nibus.<\/p>\n<h2>Balan\u00e7o da Defesa Civil e previs\u00e3o do tempo<\/h2>\n<p>O temporal gerou dezenas de chamados de emerg\u00eancia, contabilizando 60 ocorr\u00eancias de quedas de \u00e1rvores e galhos, al\u00e9m de 23 alagamentos, destelhamentos, eros\u00f5es, invas\u00e3o de \u00e1gua em resid\u00eancias e bloqueios de ruas.<\/p>\n<h3>Como fica o tempo nos pr\u00f3ximos dias<\/h3>\n<p>Para esta ter\u00e7a-feira (1\u00ba), o Instituto Nacional de Meteorologia mant\u00e9m um alerta de perigo potencial para tempestades no Paran\u00e1 at\u00e9 o fim do dia, com previs\u00e3o de chuvas entre 20 e 30 mm por hora, ventos de at\u00e9 60 km\/h e possibilidade de granizo. Segundo o Simepar, a instabilidade deve dar uma tr\u00e9gua nesta quarta-feira (2), mas a chuva forte retorna entre quinta (3) e sexta-feira (4) devido \u00e0 forma\u00e7\u00e3o de um novo ciclone.<\/p>\n<p>Por Reda\u00e7\u00e3o Acontece<\/p>\n<p>Reprodu\u00e7\u00e3o\/RPC e Defesa Civil<\/p>\n","protected":false},"excerpt":{"rendered":"<p>Uma forte tempestade acompanhada de rajadas de vento e queda de granizo atingiu Curitiba e munic\u00edpios da Regi\u00e3o Metropolitana na \u00faltima segunda-feira (31), provocando alagamentos, quedas de \u00e1rvores e interrup\u00e7\u00f5es no fornecimento de energia el\u00e9trica. Apesar dos estragos materiais registrados em v\u00e1rias cidades, n\u00e3o houve feridos. Estragos e ocorr\u00eancias na Grande Curitiba O volume de [&hellip;]<\/p>\n","protected":false},"author":0,"featured_media":34994,"comment_status":"open","ping_status":"open","sticky":false,"template":"","format":"standard","meta":{"footnotes":""},"categories":[18],"tags":[],"class_list":["post-34989","post","type-post","status-publish","format-standard","has-post-thumbnail","hentry","category-parana"],"_links":{"self":[{"href":"https:\/\/acontecenafronteira.com.br\/index.php\/wp-json\/wp\/v2\/posts\/34989","targetHints":{"allow":["GET"]}}],"collection":[{"href":"https:\/\/acontecenafronteira.com.br\/index.php\/wp-json\/wp\/v2\/posts"}],"about":[{"href":"https:\/\/acontecenafronteira.com.br\/index.php\/wp-json\/wp\/v2\/types\/post"}],"replies":[{"embeddable":true,"href":"https:\/\/acontecenafronteira.com.br\/index.php\/wp-json\/wp\/v2\/comments?post=34989"}],"version-history":[{"count":1,"href":"https:\/\/acontecenafronteira.com.br\/index.php\/wp-json\/wp\/v2\/posts\/34989\/revisions"}],"predecessor-version":[{"id":34993,"href":"https:\/\/acontecenafronteira.com.br\/index.php\/wp-json\/wp\/v2\/posts\/34989\/revisions\/34993"}],"wp:featuredmedia":[{"embeddable":true,"href":"https:\/\/acontecenafronteira.com.br\/index.php\/wp-json\/wp\/v2\/media\/34994"}],"wp:attachment":[{"href":"https:\/\/acontecenafronteira.com.br\/index.php\/wp-json\/wp\/v2\/media?parent=34989"}],"wp:term":[{"taxonomy":"category","embeddable":true,"href":"https:\/\/acontecenafronteira.com.br\/index.php\/wp-json\/wp\/v2\/categories?post=34989"},{"taxonomy":"post_tag","embeddable":true,"href":"https:\/\/acontecenafronteira.com.br\/index.php\/wp-json\/wp\/v2\/tags?post=34989"}],"curies":[{"name":"wp","href":"https:\/\/api.w.org\/{rel}","templated":true}]}}