{"id":34981,"date":"2026-09-04T06:37:24","date_gmt":"2026-09-04T09:37:24","guid":{"rendered":"https:\/\/acontecenafronteira.com.br\/?p=34981"},"modified":"2026-09-04T06:37:24","modified_gmt":"2026-09-04T09:37:24","slug":"crise-do-caso-master-deflagra-disputa-por-poder-em-brasilia","status":"publish","type":"post","link":"https:\/\/acontecenafronteira.com.br\/index.php\/2026\/09\/04\/crise-do-caso-master-deflagra-disputa-por-poder-em-brasilia\/","title":{"rendered":"Crise do Caso Master deflagra disputa por poder em Bras\u00edlia"},"content":{"rendered":"<p>As novas revela\u00e7\u00f5es oriundas do <strong>Caso Master<\/strong> provocaram uma verdadeira corrida pela sobreviv\u00eancia pol\u00edtica entre diferentes fac\u00e7\u00f5es de poder na capital federal. Com o vazamento de mensagens extra\u00eddas do telefone de <strong>Daniel Vorcaro<\/strong>, a crise ganhou enorme propor\u00e7\u00e3o e impulsionou manobras aceleradas de blindagem em v\u00e1rios setores estrat\u00e9gicos.<\/p>\n<h2>A articula\u00e7\u00e3o do grupo ligado ao STF<\/h2>\n<p>\nNo epicentro dos desdobramentos est\u00e1 o bloco composto pelo ministro <strong>Alexandre de Moraes<\/strong>, pelo procurador-geral da Rep\u00fablica, <strong>Paulo Gonet<\/strong>, e pelo diretor-geral da <strong>Pol\u00edcia Federal<\/strong>, <strong>Andrei Rodrigues<\/strong>. Citados nos di\u00e1logos do banqueiro, os tr\u00eas buscam minimizar o desgaste p\u00fablico e contam com o apoio de peso do decano <strong>Gilmar Mendes<\/strong>, conhecido por sua habilidade em gerenciar crises institucionais.<\/p>\n<h2>Cobran\u00e7as direcionadas ao Pal\u00e1cio do Planalto<\/h2>\n<p>\nPara tentar conter os danos, aliados de Moraes exigiram suporte pol\u00edtico do presidente <strong>Lula<\/strong>, argumentando a import\u00e2ncia hist\u00f3rica do tribunal na sustentabilidade da gest\u00e3o atual. Contudo, o mandat\u00e1rio frustrou as expectativas ao defender publicamente apura\u00e7\u00f5es rigorosas e sem privil\u00e9gios, visando proteger a pr\u00f3pria imagem a poucas semanas do pleito eleitoral.<\/p>\n<h2>A\u00e7\u00f5es contra Andr\u00e9 Mendon\u00e7a e Jorge Messias<\/h2>\n<p>\nEm contrapartida, a ala alinhada a Moraes intensificou os ataques contra o ministro <strong>Andr\u00e9 Mendon\u00e7a<\/strong>, respons\u00e1vel por derrubar o sigilo das mensagens de Vorcaro. Moraes solicitou formalmente ao presidente da Suprema Corte, <strong>Edson Fachin<\/strong>, investiga\u00e7\u00f5es contra o colega por supostos crimes de improbidade administrativa, abuso de autoridade e favorecimento pol\u00edtico.<\/p>\n<p>Os reflexos da disputa tamb\u00e9m alcan\u00e7aram o advogado-geral da Uni\u00e3o, <strong>Jorge Messias<\/strong>, criticado pela c\u00fapula policial por suposta in\u00e9rcia diante das decis\u00f5es de Mendon\u00e7a. Enquanto Fachin pondera cuidadosamente suas decis\u00f5es para preservar a credibilidade do Judici\u00e1rio, ministros como <strong>Wellington Dias<\/strong> optam pela discri\u00e7\u00e3o, fugindo do fogo cruzado.<\/p>\n<p>O cen\u00e1rio em Bras\u00edlia reflete um ambiente de forte instabilidade, onde a apura\u00e7\u00e3o dos fatos se mistura com disputas narrativas e estrat\u00e9gias de preserva\u00e7\u00e3o de figuras centrais da Rep\u00fablica.<\/p>\n<p>Por Reda\u00e7\u00e3o Acontece<\/p>\n<p>LUIS NOVA\/METR\u00d3POLES @LuisGustavoNova<\/p>\n","protected":false},"excerpt":{"rendered":"<p>As novas revela\u00e7\u00f5es oriundas do Caso Master provocaram uma verdadeira corrida pela sobreviv\u00eancia pol\u00edtica entre diferentes fac\u00e7\u00f5es de poder na capital federal. Com o vazamento de mensagens extra\u00eddas do telefone de Daniel Vorcaro, a crise ganhou enorme propor\u00e7\u00e3o e impulsionou manobras aceleradas de blindagem em v\u00e1rios setores estrat\u00e9gicos. A articula\u00e7\u00e3o do grupo ligado ao STF [&hellip;]<\/p>\n","protected":false},"author":0,"featured_media":34988,"comment_status":"open","ping_status":"open","sticky":false,"template":"","format":"standard","meta":{"footnotes":""},"categories":[6],"tags":[],"class_list":["post-34981","post","type-post","status-publish","format-standard","has-post-thumbnail","hentry","category-mercosul"],"_links":{"self":[{"href":"https:\/\/acontecenafronteira.com.br\/index.php\/wp-json\/wp\/v2\/posts\/34981","targetHints":{"allow":["GET"]}}],"collection":[{"href":"https:\/\/acontecenafronteira.com.br\/index.php\/wp-json\/wp\/v2\/posts"}],"about":[{"href":"https:\/\/acontecenafronteira.com.br\/index.php\/wp-json\/wp\/v2\/types\/post"}],"replies":[{"embeddable":true,"href":"https:\/\/acontecenafronteira.com.br\/index.php\/wp-json\/wp\/v2\/comments?post=34981"}],"version-history":[{"count":1,"href":"https:\/\/acontecenafronteira.com.br\/index.php\/wp-json\/wp\/v2\/posts\/34981\/revisions"}],"predecessor-version":[{"id":34987,"href":"https:\/\/acontecenafronteira.com.br\/index.php\/wp-json\/wp\/v2\/posts\/34981\/revisions\/34987"}],"wp:featuredmedia":[{"embeddable":true,"href":"https:\/\/acontecenafronteira.com.br\/index.php\/wp-json\/wp\/v2\/media\/34988"}],"wp:attachment":[{"href":"https:\/\/acontecenafronteira.com.br\/index.php\/wp-json\/wp\/v2\/media?parent=34981"}],"wp:term":[{"taxonomy":"category","embeddable":true,"href":"https:\/\/acontecenafronteira.com.br\/index.php\/wp-json\/wp\/v2\/categories?post=34981"},{"taxonomy":"post_tag","embeddable":true,"href":"https:\/\/acontecenafronteira.com.br\/index.php\/wp-json\/wp\/v2\/tags?post=34981"}],"curies":[{"name":"wp","href":"https:\/\/api.w.org\/{rel}","templated":true}]}}