{"id":34980,"date":"2026-09-04T06:37:11","date_gmt":"2026-09-04T09:37:11","guid":{"rendered":"https:\/\/acontecenafronteira.com.br\/?p=34980"},"modified":"2026-09-04T06:37:11","modified_gmt":"2026-09-04T09:37:11","slug":"corte-de-energia-em-planaltina-afeta-regiao-rural-nesta-sexta","status":"publish","type":"post","link":"https:\/\/acontecenafronteira.com.br\/index.php\/2026\/09\/04\/corte-de-energia-em-planaltina-afeta-regiao-rural-nesta-sexta\/","title":{"rendered":"Corte de Energia em Planaltina Afeta Regi\u00e3o Rural Nesta Sexta"},"content":{"rendered":"<p>Moradores e produtores de \u00e1reas espec\u00edficas de Planaltina precisam se preparar para uma suspens\u00e3o tempor\u00e1ria no fornecimento de eletricidade nesta sexta-feira (4\/9). O desligamento programado ocorre devido a interven\u00e7\u00f5es de manuten\u00e7\u00e3o e moderniza\u00e7\u00e3o na infraestrutura el\u00e9trica local.<\/p>\n<h2>Locais e hor\u00e1rios do desligamento<\/h2>\n<p>A interrup\u00e7\u00e3o do servi\u00e7o foi agendada para acontecer entre as 10h e as 16h. Os endere\u00e7os afetados compreendem a DF-345, o N\u00facleo Rural Pipiripau, a Ch\u00e1cara 309 e a Fazenda Alvorada.<\/p>\n<h2>Motiva\u00e7\u00e3o das obras e seguran\u00e7a<\/h2>\n<p>De acordo com a concession\u00e1ria respons\u00e1vel, a medida \u00e9 imprescind\u00edvel para resguardar a integridade f\u00edsica dos profissionais que atuam em campo. Al\u00e9m disso, as interven\u00e7\u00f5es visam elevar a estabilidade e a efici\u00eancia da distribui\u00e7\u00e3o de energia el\u00e9trica para toda a comunidade da regi\u00e3o.<\/p>\n<p>A empresa esclarece que, caso os procedimentos t\u00e9cnicos sejam finalizados antes do hor\u00e1rio programado, o sistema el\u00e9trico poder\u00e1 ser religado de maneira antecipada, sem aviso pr\u00e9vio aos consumidores.<\/p>\n<h2>Canais de atendimento ao consumidor<\/h2>\n<p>Em situa\u00e7\u00f5es de quedas de energia n\u00e3o programadas, a orienta\u00e7\u00e3o \u00e9 acionar imediatamente o canal telef\u00f4nico 116.<\/p>\n<p>Pessoas com defici\u00eancia auditiva ou de fala tamb\u00e9m possuem atendimento exclusivo por meio do n\u00famero 0800 701 01 55, exigindo o uso de terminal telef\u00f4nico adaptado para essa finalidade.<\/p>\n<p>Por Reda\u00e7\u00e3o Acontece<\/p>\n<p>Foto: Divulga\u00e7\u00e3o\/Neoenergia<\/p>\n","protected":false},"excerpt":{"rendered":"<p>Moradores e produtores de \u00e1reas espec\u00edficas de Planaltina precisam se preparar para uma suspens\u00e3o tempor\u00e1ria no fornecimento de eletricidade nesta sexta-feira (4\/9). O desligamento programado ocorre devido a interven\u00e7\u00f5es de manuten\u00e7\u00e3o e moderniza\u00e7\u00e3o na infraestrutura el\u00e9trica local. Locais e hor\u00e1rios do desligamento A interrup\u00e7\u00e3o do servi\u00e7o foi agendada para acontecer entre as 10h e as [&hellip;]<\/p>\n","protected":false},"author":0,"featured_media":34986,"comment_status":"open","ping_status":"open","sticky":false,"template":"","format":"standard","meta":{"footnotes":""},"categories":[6],"tags":[],"class_list":["post-34980","post","type-post","status-publish","format-standard","has-post-thumbnail","hentry","category-mercosul"],"_links":{"self":[{"href":"https:\/\/acontecenafronteira.com.br\/index.php\/wp-json\/wp\/v2\/posts\/34980","targetHints":{"allow":["GET"]}}],"collection":[{"href":"https:\/\/acontecenafronteira.com.br\/index.php\/wp-json\/wp\/v2\/posts"}],"about":[{"href":"https:\/\/acontecenafronteira.com.br\/index.php\/wp-json\/wp\/v2\/types\/post"}],"replies":[{"embeddable":true,"href":"https:\/\/acontecenafronteira.com.br\/index.php\/wp-json\/wp\/v2\/comments?post=34980"}],"version-history":[{"count":1,"href":"https:\/\/acontecenafronteira.com.br\/index.php\/wp-json\/wp\/v2\/posts\/34980\/revisions"}],"predecessor-version":[{"id":34985,"href":"https:\/\/acontecenafronteira.com.br\/index.php\/wp-json\/wp\/v2\/posts\/34980\/revisions\/34985"}],"wp:featuredmedia":[{"embeddable":true,"href":"https:\/\/acontecenafronteira.com.br\/index.php\/wp-json\/wp\/v2\/media\/34986"}],"wp:attachment":[{"href":"https:\/\/acontecenafronteira.com.br\/index.php\/wp-json\/wp\/v2\/media?parent=34980"}],"wp:term":[{"taxonomy":"category","embeddable":true,"href":"https:\/\/acontecenafronteira.com.br\/index.php\/wp-json\/wp\/v2\/categories?post=34980"},{"taxonomy":"post_tag","embeddable":true,"href":"https:\/\/acontecenafronteira.com.br\/index.php\/wp-json\/wp\/v2\/tags?post=34980"}],"curies":[{"name":"wp","href":"https:\/\/api.w.org\/{rel}","templated":true}]}}